{"id":53629,"date":"2024-09-10T11:56:18","date_gmt":"2024-09-10T09:56:18","guid":{"rendered":"https:\/\/www.lit.de\/2024\/09\/10\/l-i-t-lager-logistik-erweitert-logistikflaechen-im-gueterverkehrszentrum-bremen\/"},"modified":"2024-12-11T12:39:36","modified_gmt":"2024-12-11T11:39:36","slug":"l-i-t-lager-logistik-erweitert-logistikflaechen-im-gueterverkehrszentrum-bremen","status":"publish","type":"post","link":"https:\/\/www.lit.de\/pl\/2024\/09\/10\/l-i-t-lager-logistik-erweitert-logistikflaechen-im-gueterverkehrszentrum-bremen\/","title":{"rendered":"L.I.T. LAGER &amp; LOGISTICS POWI\u0118KSZA POWIERZCHNIE LOGISTYCZNE W BREMEN SHIPPING CENTRE"},"content":{"rendered":"\t\t<div data-elementor-type=\"wp-post\" data-elementor-id=\"53629\" class=\"elementor elementor-53629 elementor-46238\" data-elementor-post-type=\"post\">\n\t\t\t\t\t\t<section class=\"elementor-section elementor-top-section elementor-element elementor-element-235efdc elementor-section-boxed elementor-section-height-default elementor-section-height-default\" data-id=\"235efdc\" data-element_type=\"section\" data-settings=\"{&quot;background_background&quot;:&quot;classic&quot;}\">\n\t\t\t\t\t\t<div class=\"elementor-container elementor-column-gap-default\">\n\t\t\t\t\t<div class=\"elementor-column elementor-col-50 elementor-top-column elementor-element elementor-element-4a06a27\" data-id=\"4a06a27\" data-element_type=\"column\" data-settings=\"{&quot;background_background&quot;:&quot;classic&quot;}\">\n\t\t\t<div class=\"elementor-widget-wrap\">\n\t\t\t\t\t\t\t<\/div>\n\t\t<\/div>\n\t\t\t\t<div class=\"elementor-column elementor-col-50 elementor-top-column elementor-element elementor-element-35c8bcb elementor-hidden-tablet elementor-hidden-phone\" data-id=\"35c8bcb\" data-element_type=\"column\">\n\t\t\t<div class=\"elementor-widget-wrap\">\n\t\t\t\t\t\t\t<\/div>\n\t\t<\/div>\n\t\t\t\t\t<\/div>\n\t\t<\/section>\n\t\t\t\t<section class=\"elementor-section elementor-top-section elementor-element elementor-element-519bca5 elementor-section-boxed elementor-section-height-default elementor-section-height-default\" data-id=\"519bca5\" data-element_type=\"section\" data-settings=\"{&quot;background_background&quot;:&quot;classic&quot;}\">\n\t\t\t\t\t\t<div class=\"elementor-container elementor-column-gap-default\">\n\t\t\t\t\t<div class=\"elementor-column elementor-col-100 elementor-top-column elementor-element elementor-element-488e208\" data-id=\"488e208\" data-element_type=\"column\" data-settings=\"{&quot;background_background&quot;:&quot;classic&quot;}\">\n\t\t\t<div class=\"elementor-widget-wrap elementor-element-populated\">\n\t\t\t\t\t\t<div class=\"elementor-element elementor-element-b966734 elementor-widget elementor-widget-heading\" data-id=\"b966734\" data-element_type=\"widget\" data-widget_type=\"heading.default\">\n\t\t\t\t<div class=\"elementor-widget-container\">\n\t\t\t<h1 class=\"elementor-heading-title elementor-size-default\">L.I.T. Lager &#038; Logistik powi\u0119ksza przestrze\u0144 logistyczn\u0105 w centrum logistycznym w Bremie<\/h1>\t\t<\/div>\n\t\t\t\t<\/div>\n\t\t\t\t\t<\/div>\n\t\t<\/div>\n\t\t\t\t\t<\/div>\n\t\t<\/section>\n\t\t\t\t<section class=\"elementor-section elementor-top-section elementor-element elementor-element-5fd7484 elementor-section-boxed elementor-section-height-default elementor-section-height-default\" data-id=\"5fd7484\" data-element_type=\"section\" data-settings=\"{&quot;background_background&quot;:&quot;classic&quot;}\">\n\t\t\t\t\t\t<div class=\"elementor-container elementor-column-gap-default\">\n\t\t\t\t\t<div class=\"elementor-column elementor-col-100 elementor-top-column elementor-element elementor-element-558684b\" data-id=\"558684b\" data-element_type=\"column\" data-settings=\"{&quot;background_background&quot;:&quot;classic&quot;}\">\n\t\t\t<div class=\"elementor-widget-wrap elementor-element-populated\">\n\t\t\t\t\t\t<div class=\"elementor-element elementor-element-e5e48bd elementor-widget-divider--view-line elementor-widget elementor-widget-divider\" data-id=\"e5e48bd\" data-element_type=\"widget\" data-widget_type=\"divider.default\">\n\t\t\t\t<div class=\"elementor-widget-container\">\n\t\t\t\t\t<div class=\"elementor-divider\">\n\t\t\t<span class=\"elementor-divider-separator\">\n\t\t\t\t\t\t<\/span>\n\t\t<\/div>\n\t\t\t\t<\/div>\n\t\t\t\t<\/div>\n\t\t\t\t\t<\/div>\n\t\t<\/div>\n\t\t\t\t\t<\/div>\n\t\t<\/section>\n\t\t\t\t<section class=\"elementor-section elementor-top-section elementor-element elementor-element-27833b2 elementor-section-boxed elementor-section-height-default elementor-section-height-default\" data-id=\"27833b2\" data-element_type=\"section\" data-settings=\"{&quot;background_background&quot;:&quot;classic&quot;}\">\n\t\t\t\t\t\t<div class=\"elementor-container elementor-column-gap-default\">\n\t\t\t\t\t<div class=\"elementor-column elementor-col-100 elementor-top-column elementor-element elementor-element-094d2a1\" data-id=\"094d2a1\" data-element_type=\"column\" data-settings=\"{&quot;background_background&quot;:&quot;classic&quot;}\">\n\t\t\t<div class=\"elementor-widget-wrap elementor-element-populated\">\n\t\t\t\t\t\t<div class=\"elementor-element elementor-element-f75bbbb elementor-widget elementor-widget-text-editor\" data-id=\"f75bbbb\" data-element_type=\"widget\" data-widget_type=\"text-editor.default\">\n\t\t\t\t<div class=\"elementor-widget-container\">\n\t\t\t\t\t\t\t<p>Koncentracja na logistyce kontraktowej i us\u0142ugach o warto\u015bci dodanej<\/p>\n\t\t\t\t\t\t<\/div>\n\t\t\t\t<\/div>\n\t\t\t\t\t<\/div>\n\t\t<\/div>\n\t\t\t\t\t<\/div>\n\t\t<\/section>\n\t\t\t\t<section class=\"elementor-section elementor-top-section elementor-element elementor-element-c4fa0f0 elementor-section-boxed elementor-section-height-default elementor-section-height-default\" data-id=\"c4fa0f0\" data-element_type=\"section\" data-settings=\"{&quot;background_background&quot;:&quot;classic&quot;}\">\n\t\t\t\t\t\t<div class=\"elementor-container elementor-column-gap-default\">\n\t\t\t\t\t<div class=\"elementor-column elementor-col-100 elementor-top-column elementor-element elementor-element-38fcd78\" data-id=\"38fcd78\" data-element_type=\"column\">\n\t\t\t<div class=\"elementor-widget-wrap elementor-element-populated\">\n\t\t\t\t\t\t<div class=\"elementor-element elementor-element-654e304 elementor-widget elementor-widget-image\" data-id=\"654e304\" data-element_type=\"widget\" data-widget_type=\"image.default\">\n\t\t\t\t<div class=\"elementor-widget-container\">\n\t\t\t\t\t\t\t\t\t\t<figure class=\"wp-caption\">\n\t\t\t\t\t\t\t\t\t\t<img fetchpriority=\"high\" decoding=\"async\" width=\"800\" height=\"533\" src=\"https:\/\/www.lit.de\/wp-content\/uploads\/2024\/09\/PM-L.I.T.-GVZ-Bremen-1024x682.jpg\" class=\"attachment-large size-large wp-image-46241\" alt=\"Die neue Logistikimmobilie der L.I.T. im GVZ Bremen aus der Vogelperspektive.\" srcset=\"https:\/\/www.lit.de\/wp-content\/uploads\/2024\/09\/PM-L.I.T.-GVZ-Bremen-1024x682.jpg 1024w, https:\/\/www.lit.de\/wp-content\/uploads\/2024\/09\/PM-L.I.T.-GVZ-Bremen-500x333.jpg 500w, https:\/\/www.lit.de\/wp-content\/uploads\/2024\/09\/PM-L.I.T.-GVZ-Bremen-768x512.jpg 768w, https:\/\/www.lit.de\/wp-content\/uploads\/2024\/09\/PM-L.I.T.-GVZ-Bremen-1536x1023.jpg 1536w, https:\/\/www.lit.de\/wp-content\/uploads\/2024\/09\/PM-L.I.T.-GVZ-Bremen-2048x1364.jpg 2048w\" sizes=\"(max-width: 800px) 100vw, 800px\" \/>\t\t\t\t\t\t\t\t\t\t\t<figcaption class=\"widget-image-caption wp-caption-text\">Die L.I.T. Lager &amp; Logistik GmbH erweitert ihre Logistikfl\u00e4che im G\u00fcter-verkehrszentrum Bremen auf \u00fcber 220.000 Quadratmeter.<\/figcaption>\n\t\t\t\t\t\t\t\t\t\t<\/figure>\n\t\t\t\t\t\t\t<\/div>\n\t\t\t\t<\/div>\n\t\t\t\t<div class=\"elementor-element elementor-element-0780fa3 elementor-widget elementor-widget-spacer\" data-id=\"0780fa3\" data-element_type=\"widget\" data-widget_type=\"spacer.default\">\n\t\t\t\t<div class=\"elementor-widget-container\">\n\t\t\t\t\t<div class=\"elementor-spacer\">\n\t\t\t<div class=\"elementor-spacer-inner\"><\/div>\n\t\t<\/div>\n\t\t\t\t<\/div>\n\t\t\t\t<\/div>\n\t\t\t\t\t<\/div>\n\t\t<\/div>\n\t\t\t\t\t<\/div>\n\t\t<\/section>\n\t\t\t\t<section class=\"elementor-section elementor-top-section elementor-element elementor-element-56c8c61 elementor-section-boxed elementor-section-height-default elementor-section-height-default\" data-id=\"56c8c61\" data-element_type=\"section\" data-settings=\"{&quot;background_background&quot;:&quot;classic&quot;}\">\n\t\t\t\t\t\t<div class=\"elementor-container elementor-column-gap-default\">\n\t\t\t\t\t<div class=\"elementor-column elementor-col-100 elementor-top-column elementor-element elementor-element-ef1bfc2\" data-id=\"ef1bfc2\" data-element_type=\"column\" data-settings=\"{&quot;background_background&quot;:&quot;classic&quot;}\">\n\t\t\t<div class=\"elementor-widget-wrap elementor-element-populated\">\n\t\t\t\t\t\t<div class=\"elementor-element elementor-element-2c761d2 elementor-widget elementor-widget-text-editor\" data-id=\"2c761d2\" data-element_type=\"widget\" data-widget_type=\"text-editor.default\">\n\t\t\t\t<div class=\"elementor-widget-container\">\n\t\t\t\t\t\t\t<p><strong>Grupa L.I.T. kontynuuje sw\u00f3j kurs ekspansji i dodaje najnowocze\u015bniejsz\u0105, zr\u00f3wnowa\u017con\u0105 nieruchomo\u015b\u0107 logistyczn\u0105 do swojej obecno\u015bci w wiosce towarowej w Bremie (GVZ). Nowa hala, obecnie pi\u0105ta, rozci\u0105ga si\u0119 na ponad 20 000 metr\u00f3w kwadratowych i b\u0119dzie wykorzystywana w szczeg\u00f3lno\u015bci do logistyki kontraktowej i us\u0142ug o warto\u015bci dodanej. W tym celu zosta\u0142a wyposa\u017cona w nowoczesne systemy AutoStore, kt\u00f3re automatycznie przechowuj\u0105 i kompletuj\u0105 towary. Obiekt uzyska\u0142 r\u00f3wnie\u017c z\u0142oty certyfikat Niemieckiej Rady Zr\u00f3wnowa\u017conego Budownictwa (DGNB), dzi\u0119ki czemu idealnie wpisuje si\u0119 w strategi\u0119 zr\u00f3wnowa\u017conego rozwoju Grupy. Ta ekspansja zwi\u0119ksza ca\u0142kowit\u0105 powierzchni\u0119 logistyczn\u0105 L.I.T. Lager &amp; Logistik GmbH w Bremie do ponad 220 000 metr\u00f3w kwadratowych.<\/strong><\/p>\n<p>\u201eDzi\u0119ki nowej nieruchomo\u015bci logistycznej mo\u017cemy zapewni\u0107 naszym klientom jeszcze bardziej ukierunkowane wsparcie, szczeg\u00f3lnie w obszarach logistyki cz\u0119\u015bci zamiennych i e-commerce\u201d &#8211; wyja\u015bnia Rico von Hollen, Head of Business Development w L.I.T. Lager &amp; Logistik GmbH. Od doradztwa i transportu po odpraw\u0119 celn\u0105, L.I.T. oferuje kompleksowe i spersonalizowane rozwi\u0105zania logistyczne oraz zajmuje si\u0119 zarz\u0105dzaniem ca\u0142ym \u0142a\u0144cuchem dostaw dla swoich klient\u00f3w. Grupa wykorzystuje nowy obiekt przede wszystkim do logistyki kontraktowej i szerokich us\u0142ug o warto\u015bci dodanej. Powierzchnia logistyczna jest wynajmowana przez LIP INVEST GmbH, wiod\u0105cy dom inwestycyjny zajmuj\u0105cy si\u0119 nieruchomo\u015bciami logistycznymi.<\/p>\n<p>Rozbudowa jest wa\u017cn\u0105 inwestycj\u0105 w przysz\u0142o\u015b\u0107: jako flagowy obiekt do testowania i koncepcyjnej automatyzacji w intralogistyce, nowa przestrze\u0144 zostanie wyposa\u017cona w najnowocze\u015bniejsze technologie, takie jak systemy AutoStore i pojazdy sterowane automatycznie (AGV). \u201eWykorzystujemy t\u0119 nieruchomo\u015b\u0107 jako poligon do\u015bwiadczalny dla innowacyjnych technologii automatyzacji. Umo\u017cliwia nam to opracowywanie niestandardowych i przysz\u0142o\u015bciowych rozwi\u0105za\u0144, kt\u00f3re przynosz\u0105 korzy\u015bci naszym klientom\u201d &#8211; m\u00f3wi von Hollen.<\/p>\n<p>Ponadto L.I.T. robi kolejny krok w kierunku przyjaznej dla \u015brodowiska logistyki, ogrzewaj\u0105c nowe biura i pomieszczenia socjalne bez u\u017cycia paliw kopalnych, podkre\u015blaj\u0105c w ten spos\u00f3b swoje zaanga\u017cowanie w zr\u00f3wnowa\u017cone praktyki biznesowe. Thimo Schulz, dyrektor zarz\u0105dzaj\u0105cy L.I.T. Lager &amp; Logistik GmbH, m\u00f3wi: \u201eNowa nieruchomo\u015b\u0107 to nie tylko zysk dla naszych mo\u017cliwo\u015bci logistycznych, ale tak\u017ce wyra\u017ane zobowi\u0105zanie do naszej odpowiedzialno\u015bci wobec \u015brodowiska. Status DGNB Gold potwierdza, \u017ce wyznaczamy tu kamie\u0144 milowy w zakresie zr\u00f3wnowa\u017conego rozwoju\u201d.<\/p>\n<p>Dzi\u0119ki lokalizacji w Bremen freight village, L.I.T. Group \u015bwiadomie koncentruje si\u0119 na regionalno\u015bci, kr\u00f3tkich dystansach i bliskiej wsp\u00f3\u0142pracy z klientami, pracownikami i partnerami na miejscu. Dzi\u0119ki korzystnym po\u0142\u0105czeniom ze wszystkimi rodzajami transportu &#8211; drogowym, kolejowym, lotniczym i wodnym &#8211; nowa nieruchomo\u015b\u0107 jest idealna dla transportu multimodalnego. Bezpo\u015brednia blisko\u015b\u0107 du\u017cej stacji prze\u0142adunkowej i bezpo\u015brednie po\u0142\u0105czenie z Morzem P\u00f3\u0142nocnym przez bli\u017aniacze porty w Bremerhaven i Bremie, w po\u0142\u0105czeniu z blisko\u015bci\u0105 mi\u0119dzynarodowych port\u00f3w w Hamburgu i Wilhelmshaven, zapewniaj\u0105 sprawne dzia\u0142anie mi\u0119dzynarodowych \u0142a\u0144cuch\u00f3w transportowych. \u201eDzi\u0119ki portfolio us\u0142ug ca\u0142ej Grupy L.I.T. nasi klienci mog\u0105 zyska\u0107 prawdziw\u0105 przewag\u0119 konkurencyjn\u0105 w swoich bran\u017cach\u201d &#8211; m\u00f3wi Thimo Schulz.<\/p>\n<p>Dzi\u0119ki nowej nieruchomo\u015bci L.I.T. podkre\u015bla swoj\u0105 d\u0142ugoterminow\u0105 strategi\u0119 pozycjonowania si\u0119 jako wiod\u0105cy dostawca zr\u00f3wnowa\u017conych i innowacyjnych rozwi\u0105za\u0144 logistycznych.<\/p>\n\t\t\t\t\t\t<\/div>\n\t\t\t\t<\/div>\n\t\t\t\t<div class=\"elementor-element elementor-element-9d7be8b elementor-hidden-tablet elementor-hidden-phone elementor-widget elementor-widget-spacer\" data-id=\"9d7be8b\" data-element_type=\"widget\" data-widget_type=\"spacer.default\">\n\t\t\t\t<div class=\"elementor-widget-container\">\n\t\t\t\t\t<div class=\"elementor-spacer\">\n\t\t\t<div class=\"elementor-spacer-inner\"><\/div>\n\t\t<\/div>\n\t\t\t\t<\/div>\n\t\t\t\t<\/div>\n\t\t\t\t\t<\/div>\n\t\t<\/div>\n\t\t\t\t\t<\/div>\n\t\t<\/section>\n\t\t\t\t<section class=\"elementor-section elementor-top-section elementor-element elementor-element-eb2473c elementor-section-boxed elementor-section-height-default elementor-section-height-default\" data-id=\"eb2473c\" data-element_type=\"section\" data-settings=\"{&quot;background_background&quot;:&quot;classic&quot;}\">\n\t\t\t\t\t\t<div class=\"elementor-container elementor-column-gap-default\">\n\t\t\t\t\t<div class=\"elementor-column elementor-col-100 elementor-top-column elementor-element elementor-element-155ffeb\" data-id=\"155ffeb\" data-element_type=\"column\">\n\t\t\t<div class=\"elementor-widget-wrap elementor-element-populated\">\n\t\t\t\t\t\t<div class=\"elementor-element elementor-element-4ef21e2 elementor-widget elementor-widget-spacer\" data-id=\"4ef21e2\" data-element_type=\"widget\" data-widget_type=\"spacer.default\">\n\t\t\t\t<div class=\"elementor-widget-container\">\n\t\t\t\t\t<div class=\"elementor-spacer\">\n\t\t\t<div class=\"elementor-spacer-inner\"><\/div>\n\t\t<\/div>\n\t\t\t\t<\/div>\n\t\t\t\t<\/div>\n\t\t\t\t\t<\/div>\n\t\t<\/div>\n\t\t\t\t\t<\/div>\n\t\t<\/section>\n\t\t\t\t<\/div>\n\t\t","protected":false},"excerpt":{"rendered":"<p>Grupa L.I.T. kontynuuje sw\u00f3j kurs ekspansji i dodaje najnowocze\u015bniejsz\u0105, zr\u00f3wnowa\u017con\u0105 nieruchomo\u015b\u0107 logistyczn\u0105 do swojej obecno\u015bci w wiosce towarowej w Bremie (GVZ). Nowa hala, obecnie pi\u0105ta, rozci\u0105ga si\u0119 na ponad 20 000 metr\u00f3w kwadratowych i b\u0119dzie wykorzystywana w szczeg\u00f3lno\u015bci do logistyki kontraktowej i us\u0142ug o warto\u015bci dodanej. <\/p>\n","protected":false},"author":18,"featured_media":53667,"comment_status":"closed","ping_status":"closed","sticky":false,"template":"","format":"standard","meta":{"fifu_image_url":"","fifu_image_alt":"","footnotes":""},"categories":[865],"tags":[913,971,862,980,1187,861],"class_list":["post-53629","post","type-post","status-publish","format-standard","has-post-thumbnail","hentry","category-presse","tag-gvz-bremen-pl","tag-kontraktlogistik-pl","tag-l-i-t-ag-pl","tag-l-i-t-lager-logistik-gmbh-pl","tag-logistikflaeche-pl","tag-logistyka"],"jetpack_featured_media_url":"https:\/\/www.lit.de\/wp-content\/uploads\/2024\/09\/PM-L.I.T.-GVZ-Bremen_edit.jpg","_links":{"self":[{"href":"https:\/\/www.lit.de\/pl\/wp-json\/wp\/v2\/posts\/53629","targetHints":{"allow":["GET"]}}],"collection":[{"href":"https:\/\/www.lit.de\/pl\/wp-json\/wp\/v2\/posts"}],"about":[{"href":"https:\/\/www.lit.de\/pl\/wp-json\/wp\/v2\/types\/post"}],"author":[{"embeddable":true,"href":"https:\/\/www.lit.de\/pl\/wp-json\/wp\/v2\/users\/18"}],"replies":[{"embeddable":true,"href":"https:\/\/www.lit.de\/pl\/wp-json\/wp\/v2\/comments?post=53629"}],"version-history":[{"count":1,"href":"https:\/\/www.lit.de\/pl\/wp-json\/wp\/v2\/posts\/53629\/revisions"}],"predecessor-version":[{"id":53630,"href":"https:\/\/www.lit.de\/pl\/wp-json\/wp\/v2\/posts\/53629\/revisions\/53630"}],"wp:featuredmedia":[{"embeddable":true,"href":"https:\/\/www.lit.de\/pl\/wp-json\/wp\/v2\/media\/53667"}],"wp:attachment":[{"href":"https:\/\/www.lit.de\/pl\/wp-json\/wp\/v2\/media?parent=53629"}],"wp:term":[{"taxonomy":"category","embeddable":true,"href":"https:\/\/www.lit.de\/pl\/wp-json\/wp\/v2\/categories?post=53629"},{"taxonomy":"post_tag","embeddable":true,"href":"https:\/\/www.lit.de\/pl\/wp-json\/wp\/v2\/tags?post=53629"}],"curies":[{"name":"wp","href":"https:\/\/api.w.org\/{rel}","templated":true}]}}