{"id":32903,"date":"2024-06-04T17:20:53","date_gmt":"2024-06-04T15:20:53","guid":{"rendered":"https:\/\/www.lit.de\/2024\/06\/04\/auf-expansionskurs-l-i-t-baut-intermodal-verkehre-von-und-nach-italien-aus\/"},"modified":"2024-12-11T12:24:56","modified_gmt":"2024-12-11T11:24:56","slug":"auf-expansionskurs-l-i-t-baut-intermodal-verkehre-von-und-nach-italien-aus","status":"publish","type":"post","link":"https:\/\/www.lit.de\/pl\/2024\/06\/04\/auf-expansionskurs-l-i-t-baut-intermodal-verkehre-von-und-nach-italien-aus\/","title":{"rendered":"Na kursie ekspansji: L.I.T. rozszerza transport intermodalny do i z W\u0142och"},"content":{"rendered":"\t\t<div data-elementor-type=\"wp-post\" data-elementor-id=\"32903\" class=\"elementor elementor-32903 elementor-32539\" data-elementor-post-type=\"post\">\n\t\t\t\t\t\t<section class=\"elementor-section elementor-top-section elementor-element elementor-element-235efdc elementor-section-boxed elementor-section-height-default elementor-section-height-default\" data-id=\"235efdc\" data-element_type=\"section\" data-settings=\"{&quot;background_background&quot;:&quot;classic&quot;}\">\n\t\t\t\t\t\t<div class=\"elementor-container elementor-column-gap-default\">\n\t\t\t\t\t<div class=\"elementor-column elementor-col-50 elementor-top-column elementor-element elementor-element-4a06a27\" data-id=\"4a06a27\" data-element_type=\"column\" data-settings=\"{&quot;background_background&quot;:&quot;classic&quot;}\">\n\t\t\t<div class=\"elementor-widget-wrap\">\n\t\t\t\t\t\t\t<\/div>\n\t\t<\/div>\n\t\t\t\t<div class=\"elementor-column elementor-col-50 elementor-top-column elementor-element elementor-element-35c8bcb elementor-hidden-tablet elementor-hidden-phone\" data-id=\"35c8bcb\" data-element_type=\"column\">\n\t\t\t<div class=\"elementor-widget-wrap\">\n\t\t\t\t\t\t\t<\/div>\n\t\t<\/div>\n\t\t\t\t\t<\/div>\n\t\t<\/section>\n\t\t\t\t<section class=\"elementor-section elementor-top-section elementor-element elementor-element-519bca5 elementor-section-boxed elementor-section-height-default elementor-section-height-default\" data-id=\"519bca5\" data-element_type=\"section\" data-settings=\"{&quot;background_background&quot;:&quot;classic&quot;}\">\n\t\t\t\t\t\t<div class=\"elementor-container elementor-column-gap-default\">\n\t\t\t\t\t<div class=\"elementor-column elementor-col-100 elementor-top-column elementor-element elementor-element-488e208\" data-id=\"488e208\" data-element_type=\"column\" data-settings=\"{&quot;background_background&quot;:&quot;classic&quot;}\">\n\t\t\t<div class=\"elementor-widget-wrap elementor-element-populated\">\n\t\t\t\t\t\t<div class=\"elementor-element elementor-element-b966734 elementor-widget elementor-widget-heading\" data-id=\"b966734\" data-element_type=\"widget\" data-widget_type=\"heading.default\">\n\t\t\t\t<div class=\"elementor-widget-container\">\n\t\t\t<h1 class=\"elementor-heading-title elementor-size-default\">Na kursie ekspansji: L.I.T. rozszerza transport intermodalny do i z W\u0142och<\/h1>\t\t<\/div>\n\t\t\t\t<\/div>\n\t\t\t\t\t<\/div>\n\t\t<\/div>\n\t\t\t\t\t<\/div>\n\t\t<\/section>\n\t\t\t\t<section class=\"elementor-section elementor-top-section elementor-element elementor-element-5fd7484 elementor-section-boxed elementor-section-height-default elementor-section-height-default\" data-id=\"5fd7484\" data-element_type=\"section\" data-settings=\"{&quot;background_background&quot;:&quot;classic&quot;}\">\n\t\t\t\t\t\t<div class=\"elementor-container elementor-column-gap-default\">\n\t\t\t\t\t<div class=\"elementor-column elementor-col-100 elementor-top-column elementor-element elementor-element-558684b\" data-id=\"558684b\" data-element_type=\"column\" data-settings=\"{&quot;background_background&quot;:&quot;classic&quot;}\">\n\t\t\t<div class=\"elementor-widget-wrap elementor-element-populated\">\n\t\t\t\t\t\t<div class=\"elementor-element elementor-element-e5e48bd elementor-widget-divider--view-line elementor-widget elementor-widget-divider\" data-id=\"e5e48bd\" data-element_type=\"widget\" data-widget_type=\"divider.default\">\n\t\t\t\t<div class=\"elementor-widget-container\">\n\t\t\t\t\t<div class=\"elementor-divider\">\n\t\t\t<span class=\"elementor-divider-separator\">\n\t\t\t\t\t\t<\/span>\n\t\t<\/div>\n\t\t\t\t<\/div>\n\t\t\t\t<\/div>\n\t\t\t\t\t<\/div>\n\t\t<\/div>\n\t\t\t\t\t<\/div>\n\t\t<\/section>\n\t\t\t\t<section class=\"elementor-section elementor-top-section elementor-element elementor-element-27833b2 elementor-section-boxed elementor-section-height-default elementor-section-height-default\" data-id=\"27833b2\" data-element_type=\"section\" data-settings=\"{&quot;background_background&quot;:&quot;classic&quot;}\">\n\t\t\t\t\t\t<div class=\"elementor-container elementor-column-gap-default\">\n\t\t\t\t\t<div class=\"elementor-column elementor-col-100 elementor-top-column elementor-element elementor-element-094d2a1\" data-id=\"094d2a1\" data-element_type=\"column\" data-settings=\"{&quot;background_background&quot;:&quot;classic&quot;}\">\n\t\t\t<div class=\"elementor-widget-wrap elementor-element-populated\">\n\t\t\t\t\t\t<div class=\"elementor-element elementor-element-f75bbbb elementor-widget elementor-widget-text-editor\" data-id=\"f75bbbb\" data-element_type=\"widget\" data-widget_type=\"text-editor.default\">\n\t\t\t\t<div class=\"elementor-widget-container\">\n\t\t\t\t\t\t\t<p><strong>Dostawca us\u0142ug logistycznych przejmuje AUTOTRASPORTI PEDOT S.R.L. i rozszerza swoj\u0105 europejsk\u0105 sie\u0107 transportow\u0105<\/strong><\/p>\n\t\t\t\t\t\t<\/div>\n\t\t\t\t<\/div>\n\t\t\t\t\t<\/div>\n\t\t<\/div>\n\t\t\t\t\t<\/div>\n\t\t<\/section>\n\t\t\t\t<section class=\"elementor-section elementor-top-section elementor-element elementor-element-c4fa0f0 elementor-section-boxed elementor-section-height-default elementor-section-height-default\" data-id=\"c4fa0f0\" data-element_type=\"section\" data-settings=\"{&quot;background_background&quot;:&quot;classic&quot;}\">\n\t\t\t\t\t\t<div class=\"elementor-container elementor-column-gap-default\">\n\t\t\t\t\t<div class=\"elementor-column elementor-col-100 elementor-top-column elementor-element elementor-element-38fcd78\" data-id=\"38fcd78\" data-element_type=\"column\">\n\t\t\t<div class=\"elementor-widget-wrap elementor-element-populated\">\n\t\t\t\t\t\t<div class=\"elementor-element elementor-element-654e304 elementor-widget elementor-widget-image\" data-id=\"654e304\" data-element_type=\"widget\" data-widget_type=\"image.default\">\n\t\t\t\t<div class=\"elementor-widget-container\">\n\t\t\t\t\t\t\t\t\t\t<figure class=\"wp-caption\">\n\t\t\t\t\t\t\t\t\t\t<img fetchpriority=\"high\" decoding=\"async\" width=\"800\" height=\"534\" src=\"https:\/\/www.lit.de\/wp-content\/uploads\/2024\/06\/F2000-1024_retouche-1024x683.jpg\" class=\"attachment-large size-large wp-image-32599\" alt=\"\" srcset=\"https:\/\/www.lit.de\/wp-content\/uploads\/2024\/06\/F2000-1024_retouche-1024x683.jpg 1024w, https:\/\/www.lit.de\/wp-content\/uploads\/2024\/06\/F2000-1024_retouche-500x333.jpg 500w, https:\/\/www.lit.de\/wp-content\/uploads\/2024\/06\/F2000-1024_retouche-768x512.jpg 768w, https:\/\/www.lit.de\/wp-content\/uploads\/2024\/06\/F2000-1024_retouche-1536x1024.jpg 1536w, https:\/\/www.lit.de\/wp-content\/uploads\/2024\/06\/F2000-1024_retouche-2048x1365.jpg 2048w\" sizes=\"(max-width: 800px) 100vw, 800px\" \/>\t\t\t\t\t\t\t\t\t\t\t<figcaption class=\"widget-image-caption wp-caption-text\">Firma logistyczna z siedzib\u0105 w Brake wykorzystuje przej\u0119cie w\u0142oskiej firmy AUTOTRASPORTI PEDOT S.R.L. o ugruntowanej pozycji, aby oferowa\u0107 nie tylko terminalowy transport ci\u0119\u017carowy, ale tak\u017ce transport drogowy na terenie W\u0142och. <\/figcaption>\n\t\t\t\t\t\t\t\t\t\t<\/figure>\n\t\t\t\t\t\t\t<\/div>\n\t\t\t\t<\/div>\n\t\t\t\t<div class=\"elementor-element elementor-element-0780fa3 elementor-widget elementor-widget-spacer\" data-id=\"0780fa3\" data-element_type=\"widget\" data-widget_type=\"spacer.default\">\n\t\t\t\t<div class=\"elementor-widget-container\">\n\t\t\t\t\t<div class=\"elementor-spacer\">\n\t\t\t<div class=\"elementor-spacer-inner\"><\/div>\n\t\t<\/div>\n\t\t\t\t<\/div>\n\t\t\t\t<\/div>\n\t\t\t\t\t<\/div>\n\t\t<\/div>\n\t\t\t\t\t<\/div>\n\t\t<\/section>\n\t\t\t\t<section class=\"elementor-section elementor-top-section elementor-element elementor-element-56c8c61 elementor-section-boxed elementor-section-height-default elementor-section-height-default\" data-id=\"56c8c61\" data-element_type=\"section\" data-settings=\"{&quot;background_background&quot;:&quot;classic&quot;}\">\n\t\t\t\t\t\t<div class=\"elementor-container elementor-column-gap-default\">\n\t\t\t\t\t<div class=\"elementor-column elementor-col-100 elementor-top-column elementor-element elementor-element-ef1bfc2\" data-id=\"ef1bfc2\" data-element_type=\"column\" data-settings=\"{&quot;background_background&quot;:&quot;classic&quot;}\">\n\t\t\t<div class=\"elementor-widget-wrap elementor-element-populated\">\n\t\t\t\t\t\t<div class=\"elementor-element elementor-element-2c761d2 elementor-widget elementor-widget-text-editor\" data-id=\"2c761d2\" data-element_type=\"widget\" data-widget_type=\"text-editor.default\">\n\t\t\t\t<div class=\"elementor-widget-container\">\n\t\t\t\t\t\t\t<p><strong>Grupa L.I.T. przej\u0119\u0142a w\u0142osk\u0105 firm\u0119 AUTOTRASPORTI PEDOT S.R.L. z siedzib\u0105 w Lavis (Trydent-G\u00f3rna Adyga). Z moc\u0105 wsteczn\u0105 od 1 stycznia 2024 r. dostawca us\u0142ug logistycznych z siedzib\u0105 w Brake rozszerza swoje portfolio i opr\u00f3cz w\u0142asnej floty naczep kolejowych oferuje r\u00f3wnie\u017c transport drogowy na terenie W\u0142och. Rozszerzaj\u0105c w ten spos\u00f3b swoj\u0105 mi\u0119dzynarodow\u0105 i intermodaln\u0105 wiedz\u0119 specjalistyczn\u0105, L.I.T. wzmacnia swoj\u0105 strategi\u0119 rozwoju i oferuje stabilne mo\u017cliwo\u015bci transportowe w wa\u017cnym korytarzu. PEDOT b\u0119dzie nadal dzia\u0142a\u0107 jako niezale\u017cna marka we W\u0142oszech. Stefano Pedot pozostanie aktywny jako dyrektor zarz\u0105dzaj\u0105cy.<\/strong><\/p>\n<p>&#8222;Dzi\u0119ki PEDOT intensyfikujemy nasze dzia\u0142ania we W\u0142oszech, wykorzystuj\u0105c lokaln\u0105 wiedz\u0119 i rozleg\u0142\u0105 sie\u0107 klient\u00f3w. \u0141\u0105czymy nasze mocne strony i dzi\u0119ki temu mo\u017cemy oferowa\u0107 transport intermodalny mi\u0119dzy W\u0142ochami a krajami Beneluksu oraz Niemcami z jednego \u017ar\u00f3d\u0142a\u201d &#8211; m\u00f3wi Klaas Lange, Business Development w L.I.T. Speditions GmbH. Przejmuj\u0105c tradycyjn\u0105 mark\u0119 AUTOTRASPORTI PEDOT S.R.L. z siedzib\u0105 w Lavis (Trydent-G\u00f3rna Adyga), L.I.T. robi kolejny krok w kierunku w\u0142asnej sieci transportu intermodalnego w Europie. &#8222;Transport kombinowany wymaga okre\u015blonych wolumen\u00f3w, aby by\u0142 ekonomiczny. Wsp\u00f3lnie z PEDOT mo\u017cemy je teraz jeszcze skuteczniej konsolidowa\u0107, dzi\u0119ki czemu obie strony odnosz\u0105 ogromne korzy\u015bci\u201d &#8211; m\u00f3wi Lange. Opr\u00f3cz pe\u0142nych \u0142adunk\u00f3w, PEDOT oferuje r\u00f3wnie\u017c swoim klientom obs\u0142ug\u0119 \u0142adunk\u00f3w cz\u0119\u015bciowych i us\u0142ugi magazynowania na terenie Lavis.<\/p>\n<p>Do tej pory dostawca us\u0142ug logistycznych Brake wsp\u00f3\u0142pracowa\u0142 z innymi partnerami we W\u0142oszech. Dzi\u0119ki przej\u0119ciu, firma logistyczna Brake ma teraz ugruntowan\u0105 mark\u0119 z w\u0142asn\u0105 flot\u0105 i licencj\u0105 UE, dzi\u0119ki czemu mo\u017ce oferowa\u0107 krajowy transport drogowy we W\u0142oszech opr\u00f3cz tradycyjnego terminalowego transportu ci\u0119\u017carowego. W zamian PEDOT korzysta z dodatkowych wolumen\u00f3w importu do W\u0142och z sieci L.I.T.. &#8222;Obie strony mog\u0105 pracowa\u0107 z wi\u0119kszym zyskiem i wykorzystywa\u0107 wzajemne synergie, aby oferowa\u0107 naszym klientom jeszcze bardziej ukierunkowane rozwi\u0105zania. Celowo zaprojektowali\u015bmy nasze struktury w taki spos\u00f3b, aby nie kanibalizowa\u0142y si\u0119 nawzajem, ale skutecznie si\u0119 uzupe\u0142nia\u0142y\u201d &#8211; m\u00f3wi Lange.<\/p>\n<p>AUTOTRASPORTI PEDOT S.R.L. dzia\u0142a na rynku w\u0142oskim od 1939 roku. Rodzinna firma jest zarz\u0105dzana przez Stefano Pedota, trzecie pokolenie po za\u0142o\u017cycielu Eugenio, oraz jego c\u00f3rk\u0119 Luci\u0119, kt\u00f3ra pozostaje udzia\u0142owcem. Opr\u00f3cz w\u0142asnej floty, PEDOT koncentruje si\u0119 r\u00f3wnie\u017c na transporcie intermodalnym. Stefano Pedot m\u00f3wi: \u201eCieszymy si\u0119, \u017ce znale\u017ali\u015bmy renomowanego i silnego partnera w L.I.T., kt\u00f3ry posiada niezb\u0119dn\u0105 wiedz\u0119 i zasoby, aby w przysz\u0142o\u015bci z powodzeniem obs\u0142ugiwa\u0107 przyjazny dla klimatu transport kombinowany w Europie.\u201d<\/p>\n\t\t\t\t\t\t<\/div>\n\t\t\t\t<\/div>\n\t\t\t\t<div class=\"elementor-element elementor-element-9d7be8b elementor-hidden-tablet elementor-hidden-phone elementor-widget elementor-widget-spacer\" data-id=\"9d7be8b\" data-element_type=\"widget\" data-widget_type=\"spacer.default\">\n\t\t\t\t<div class=\"elementor-widget-container\">\n\t\t\t\t\t<div class=\"elementor-spacer\">\n\t\t\t<div class=\"elementor-spacer-inner\"><\/div>\n\t\t<\/div>\n\t\t\t\t<\/div>\n\t\t\t\t<\/div>\n\t\t\t\t\t<\/div>\n\t\t<\/div>\n\t\t\t\t\t<\/div>\n\t\t<\/section>\n\t\t\t\t<section class=\"elementor-section elementor-top-section elementor-element elementor-element-eb2473c elementor-section-boxed elementor-section-height-default elementor-section-height-default\" data-id=\"eb2473c\" data-element_type=\"section\" data-settings=\"{&quot;background_background&quot;:&quot;classic&quot;}\">\n\t\t\t\t\t\t<div class=\"elementor-container elementor-column-gap-default\">\n\t\t\t\t\t<div class=\"elementor-column elementor-col-100 elementor-top-column elementor-element elementor-element-155ffeb\" data-id=\"155ffeb\" data-element_type=\"column\">\n\t\t\t<div class=\"elementor-widget-wrap elementor-element-populated\">\n\t\t\t\t\t\t<div class=\"elementor-element elementor-element-4ef21e2 elementor-widget elementor-widget-spacer\" data-id=\"4ef21e2\" data-element_type=\"widget\" data-widget_type=\"spacer.default\">\n\t\t\t\t<div class=\"elementor-widget-container\">\n\t\t\t\t\t<div class=\"elementor-spacer\">\n\t\t\t<div class=\"elementor-spacer-inner\"><\/div>\n\t\t<\/div>\n\t\t\t\t<\/div>\n\t\t\t\t<\/div>\n\t\t\t\t\t<\/div>\n\t\t<\/div>\n\t\t\t\t\t<\/div>\n\t\t<\/section>\n\t\t\t\t<\/div>\n\t\t","protected":false},"excerpt":{"rendered":"<p>Grupa L.I.T. przej\u0119\u0142a w\u0142osk\u0105 firm\u0119 AUTOTRASPORTI PEDOT S.R.L. z siedzib\u0105 w Lavis (Trydent-G\u00f3rna Adyga). Z moc\u0105 wsteczn\u0105 od 1 stycznia 2024 r. dostawca us\u0142ug logistycznych z siedzib\u0105 w Brake rozszerza swoje portfolio i opr\u00f3cz w\u0142asnej floty naczep kolejowych oferuje r\u00f3wnie\u017c transport drogowy na terenie W\u0142och.<\/p>\n","protected":false},"author":18,"featured_media":32553,"comment_status":"closed","ping_status":"closed","sticky":false,"template":"","format":"standard","meta":{"fifu_image_url":"","fifu_image_alt":"","footnotes":""},"categories":[865],"tags":[880,862,861],"class_list":["post-32903","post","type-post","status-publish","format-standard","has-post-thumbnail","hentry","category-presse","tag-automotive-pl","tag-l-i-t-ag-pl","tag-logistyka"],"jetpack_featured_media_url":"https:\/\/www.lit.de\/wp-content\/uploads\/2024\/06\/PM-PEDOT-I-e1717577526658.jpg","_links":{"self":[{"href":"https:\/\/www.lit.de\/pl\/wp-json\/wp\/v2\/posts\/32903","targetHints":{"allow":["GET"]}}],"collection":[{"href":"https:\/\/www.lit.de\/pl\/wp-json\/wp\/v2\/posts"}],"about":[{"href":"https:\/\/www.lit.de\/pl\/wp-json\/wp\/v2\/types\/post"}],"author":[{"embeddable":true,"href":"https:\/\/www.lit.de\/pl\/wp-json\/wp\/v2\/users\/18"}],"replies":[{"embeddable":true,"href":"https:\/\/www.lit.de\/pl\/wp-json\/wp\/v2\/comments?post=32903"}],"version-history":[{"count":1,"href":"https:\/\/www.lit.de\/pl\/wp-json\/wp\/v2\/posts\/32903\/revisions"}],"predecessor-version":[{"id":32904,"href":"https:\/\/www.lit.de\/pl\/wp-json\/wp\/v2\/posts\/32903\/revisions\/32904"}],"wp:featuredmedia":[{"embeddable":true,"href":"https:\/\/www.lit.de\/pl\/wp-json\/wp\/v2\/media\/32553"}],"wp:attachment":[{"href":"https:\/\/www.lit.de\/pl\/wp-json\/wp\/v2\/media?parent=32903"}],"wp:term":[{"taxonomy":"category","embeddable":true,"href":"https:\/\/www.lit.de\/pl\/wp-json\/wp\/v2\/categories?post=32903"},{"taxonomy":"post_tag","embeddable":true,"href":"https:\/\/www.lit.de\/pl\/wp-json\/wp\/v2\/tags?post=32903"}],"curies":[{"name":"wp","href":"https:\/\/api.w.org\/{rel}","templated":true}]}}