{"id":31761,"date":"2020-03-06T12:29:45","date_gmt":"2020-03-06T11:29:45","guid":{"rendered":"https:\/\/www.lit.de\/2020\/03\/06\/hotspot-logistyczny-w-bremie\/"},"modified":"2024-01-05T16:56:14","modified_gmt":"2024-01-05T15:56:14","slug":"hotspot-logistyczny-w-bremie","status":"publish","type":"post","link":"https:\/\/www.lit.de\/pl\/2020\/03\/06\/hotspot-logistyczny-w-bremie\/","title":{"rendered":"HOTSPOT LOGISTYCZNY W BREMIE"},"content":{"rendered":"\t\t<div data-elementor-type=\"wp-post\" data-elementor-id=\"31761\" class=\"elementor elementor-31761 elementor-180\" data-elementor-post-type=\"post\">\n\t\t\t\t\t\t<section class=\"elementor-section elementor-top-section elementor-element elementor-element-3bd2ebd elementor-section-content-middle elementor-hidden-phone elementor-section-boxed elementor-section-height-default elementor-section-height-default\" data-id=\"3bd2ebd\" data-element_type=\"section\">\n\t\t\t\t\t\t<div class=\"elementor-container elementor-column-gap-no\">\n\t\t\t\t\t<div class=\"elementor-column elementor-col-50 elementor-top-column elementor-element elementor-element-d6ffe38\" data-id=\"d6ffe38\" data-element_type=\"column\">\n\t\t\t<div class=\"elementor-widget-wrap elementor-element-populated\">\n\t\t\t\t\t\t<div class=\"elementor-element elementor-element-6e6e6f4 elementor-widget elementor-widget-image\" data-id=\"6e6e6f4\" data-element_type=\"widget\" data-widget_type=\"image.default\">\n\t\t\t\t<div class=\"elementor-widget-container\">\n\t\t\t\t\t\t\t\t\t\t\t\t\t<img decoding=\"async\" src=\"https:\/\/www.lit.de\/wp-content\/uploads\/elementor\/thumbs\/LLC4_3_700-X-700-piig6pi1loljs6qxua88ujayqg7f07sksnciz47668.jpg\" title=\"TExDNF8zXzcwMC1YLTcwMA==\" alt=\"TExDNF8zXzcwMC1YLTcwMA==\" loading=\"lazy\" \/>\t\t\t\t\t\t\t\t\t\t\t\t\t<\/div>\n\t\t\t\t<\/div>\n\t\t\t\t<div class=\"elementor-element elementor-element-d85c780 elementor-absolute elementor-widget__width-initial elementor-hidden-tablet elementor-hidden-phone elementor-widget elementor-widget-text-editor\" data-id=\"d85c780\" data-element_type=\"widget\" data-settings=\"{&quot;_position&quot;:&quot;absolute&quot;}\" data-widget_type=\"text-editor.default\">\n\t\t\t\t<div class=\"elementor-widget-container\">\n\t\t\t\t\t\t\t\n          <h1>HOTSPOT LOGISTYCZNY W BREMIE<\/h1>\n          \n\n          <h2 class=\"elementor-heading-title elementor-size-default elementor-inline-editing pen\" contenteditable=\"true\" data-elementor-setting-key=\"title\" data-pen-placeholder=\"Eingabe hier...\">L.I.T. LOGISTICS CENTRE LLC IV JEST W EKSPLOATACJI<\/h2>\n        \t\t\t\t\t\t<\/div>\n\t\t\t\t<\/div>\n\t\t\t\t\t<\/div>\n\t\t<\/div>\n\t\t\t\t<div class=\"elementor-column elementor-col-50 elementor-top-column elementor-element elementor-element-0603c9b\" data-id=\"0603c9b\" data-element_type=\"column\">\n\t\t\t<div class=\"elementor-widget-wrap elementor-element-populated\">\n\t\t\t\t\t\t<div class=\"elementor-element elementor-element-1048ed4 elementor-absolute elementor-widget__width-initial elementor-hidden-tablet elementor-hidden-phone elementor-widget elementor-widget-text-editor\" data-id=\"1048ed4\" data-element_type=\"widget\" data-settings=\"{&quot;_position&quot;:&quot;absolute&quot;}\" data-widget_type=\"text-editor.default\">\n\t\t\t\t<div class=\"elementor-widget-container\">\n\t\t\t\t\t\t\t<p>Wa\u017cny krok w kierunku cyfryzacji i automatyzacji dzi\u0119ki systemowi AutoStore: <br \/>nowy magazyn L.I.T. w GVZ Bremen<\/p>\n\t\t\t\t\t\t<\/div>\n\t\t\t\t<\/div>\n\t\t\t\t<div class=\"elementor-element elementor-element-63eb6d7 elementor-hidden-desktop elementor-widget elementor-widget-text-editor\" data-id=\"63eb6d7\" data-element_type=\"widget\" data-widget_type=\"text-editor.default\">\n\t\t\t\t<div class=\"elementor-widget-container\">\n\t\t\t\t\t\t\t<h1>HOTSPOT LOGISTYCZNY W BREMIE<\/h1>\n<h2 class=\"elementor-heading-title elementor-size-default elementor-inline-editing pen\" contenteditable=\"true\" data-elementor-setting-key=\"title\" data-pen-placeholder=\"Eingabe hier...\">L.I.T. LOGISTICS CENTRE LLC IV JEST W EKSPLOATACJI<\/h2>\n\t\t\t\t\t\t<\/div>\n\t\t\t\t<\/div>\n\t\t\t\t\t<\/div>\n\t\t<\/div>\n\t\t\t\t\t<\/div>\n\t\t<\/section>\n\t\t\t\t<section class=\"elementor-section elementor-top-section elementor-element elementor-element-da22ac8 elementor-section-content-middle elementor-hidden-desktop elementor-hidden-tablet elementor-section-boxed elementor-section-height-default elementor-section-height-default\" data-id=\"da22ac8\" data-element_type=\"section\">\n\t\t\t\t\t\t<div class=\"elementor-container elementor-column-gap-no\">\n\t\t\t\t\t<div class=\"elementor-column elementor-col-50 elementor-top-column elementor-element elementor-element-3ec0b40\" data-id=\"3ec0b40\" data-element_type=\"column\">\n\t\t\t<div class=\"elementor-widget-wrap elementor-element-populated\">\n\t\t\t\t\t\t<div class=\"elementor-element elementor-element-7319279 elementor-hidden-desktop elementor-widget elementor-widget-text-editor\" data-id=\"7319279\" data-element_type=\"widget\" data-widget_type=\"text-editor.default\">\n\t\t\t\t<div class=\"elementor-widget-container\">\n\t\t\t\t\t\t\t<h1>HOTSPOT LOGISTYCZNY W BREMIE<\/h1>\n<h2>L.I.T. LOGISTICS CENTRE LLC IV JEST W EKSPLOATACJI<\/h2>\n\t\t\t\t\t\t<\/div>\n\t\t\t\t<\/div>\n\t\t\t\t\t<\/div>\n\t\t<\/div>\n\t\t\t\t<div class=\"elementor-column elementor-col-50 elementor-top-column elementor-element elementor-element-716b5d0\" data-id=\"716b5d0\" data-element_type=\"column\">\n\t\t\t<div class=\"elementor-widget-wrap elementor-element-populated\">\n\t\t\t\t\t\t<div class=\"elementor-element elementor-element-55b8951 elementor-widget elementor-widget-image\" data-id=\"55b8951\" data-element_type=\"widget\" data-widget_type=\"image.default\">\n\t\t\t\t<div class=\"elementor-widget-container\">\n\t\t\t\t\t\t\t\t\t\t\t\t\t<img decoding=\"async\" src=\"https:\/\/www.lit.de\/wp-content\/uploads\/elementor\/thumbs\/LLC4_3_700-X-700-piig6pi1loljs6qxua88ujayqg7f07sksnciz47668.jpg\" title=\"TExDNF8zXzcwMC1YLTcwMA==\" alt=\"TExDNF8zXzcwMC1YLTcwMA==\" loading=\"lazy\" \/>\t\t\t\t\t\t\t\t\t\t\t\t\t<\/div>\n\t\t\t\t<\/div>\n\t\t\t\t\t<\/div>\n\t\t<\/div>\n\t\t\t\t\t<\/div>\n\t\t<\/section>\n\t\t\t\t<section class=\"elementor-section elementor-top-section elementor-element elementor-element-a0a1b7e elementor-section-boxed elementor-section-height-default elementor-section-height-default\" data-id=\"a0a1b7e\" data-element_type=\"section\">\n\t\t\t\t\t\t<div class=\"elementor-container elementor-column-gap-default\">\n\t\t\t\t\t<div class=\"elementor-column elementor-col-100 elementor-top-column elementor-element elementor-element-51fd301\" data-id=\"51fd301\" data-element_type=\"column\">\n\t\t\t<div class=\"elementor-widget-wrap elementor-element-populated\">\n\t\t\t\t\t\t<div class=\"elementor-element elementor-element-a24bf98 elementor-widget-divider--view-line elementor-widget elementor-widget-divider\" data-id=\"a24bf98\" data-element_type=\"widget\" data-widget_type=\"divider.default\">\n\t\t\t\t<div class=\"elementor-widget-container\">\n\t\t\t\t\t<div class=\"elementor-divider\">\n\t\t\t<span class=\"elementor-divider-separator\">\n\t\t\t\t\t\t<\/span>\n\t\t<\/div>\n\t\t\t\t<\/div>\n\t\t\t\t<\/div>\n\t\t\t\t\t<\/div>\n\t\t<\/div>\n\t\t\t\t\t<\/div>\n\t\t<\/section>\n\t\t\t\t<section class=\"elementor-section elementor-top-section elementor-element elementor-element-9795d70 elementor-section-boxed elementor-section-height-default elementor-section-height-default\" data-id=\"9795d70\" data-element_type=\"section\">\n\t\t\t\t\t\t<div class=\"elementor-container elementor-column-gap-default\">\n\t\t\t\t\t<div class=\"elementor-column elementor-col-100 elementor-top-column elementor-element elementor-element-5ad93bd\" data-id=\"5ad93bd\" data-element_type=\"column\">\n\t\t\t<div class=\"elementor-widget-wrap elementor-element-populated\">\n\t\t\t\t\t\t<div class=\"elementor-element elementor-element-45b4e5d elementor-widget elementor-widget-text-editor\" data-id=\"45b4e5d\" data-element_type=\"widget\" data-widget_type=\"text-editor.default\">\n\t\t\t\t<div class=\"elementor-widget-container\">\n\t\t\t\t\t\t\t<h4>Jak m\u00f3wi przys\u0142owie, dobre rzeczy chodz\u0105 tr\u00f3jkami. A raczej cztery, pomy\u015bleli\u015bmy i uruchomili\u015bmy nasze czwarte centrum logistyczne w Bremen Freight Village. I to po zaledwie sze\u015bciu miesi\u0105cach planowania i budowy. Obecnie wykorzystujemy hal\u0119 o powierzchni 25 000 metr\u00f3w kwadratowych na potrzeby <a href=\"https:\/\/www.lit.de\/pl\/logistyka-kontraktowa\/\">logistyki kontraktowej<\/a> i szeroko zakrojonych us\u0142ug o warto\u015bci dodanej. Robimy kolejny wa\u017cny krok w kierunku automatyzacji i dlatego w drugim kwartale 2019 r. wyposa\u017cyli\u015bmy jeden z trzech obszar\u00f3w w kompaktowy, zautomatyzowany magazyn drobnych cz\u0119\u015bci AutoStore.<\/h4>\n\t\t\t\t\t\t<\/div>\n\t\t\t\t<\/div>\n\t\t\t\t<div class=\"elementor-element elementor-element-6f6c46c elementor-hidden-tablet elementor-hidden-phone elementor-widget elementor-widget-spacer\" data-id=\"6f6c46c\" data-element_type=\"widget\" data-widget_type=\"spacer.default\">\n\t\t\t\t<div class=\"elementor-widget-container\">\n\t\t\t\t\t<div class=\"elementor-spacer\">\n\t\t\t<div class=\"elementor-spacer-inner\"><\/div>\n\t\t<\/div>\n\t\t\t\t<\/div>\n\t\t\t\t<\/div>\n\t\t\t\t\t<\/div>\n\t\t<\/div>\n\t\t\t\t\t<\/div>\n\t\t<\/section>\n\t\t\t\t<section class=\"elementor-section elementor-top-section elementor-element elementor-element-c8f9ee8 elementor-hidden-tablet elementor-hidden-phone elementor-section-boxed elementor-section-height-default elementor-section-height-default\" data-id=\"c8f9ee8\" data-element_type=\"section\">\n\t\t\t\t\t\t<div class=\"elementor-container elementor-column-gap-default\">\n\t\t\t\t\t<div class=\"elementor-column elementor-col-33 elementor-top-column elementor-element elementor-element-af41852\" data-id=\"af41852\" data-element_type=\"column\">\n\t\t\t<div class=\"elementor-widget-wrap elementor-element-populated\">\n\t\t\t\t\t\t<div class=\"elementor-element elementor-element-6fe54ef elementor-widget elementor-widget-image\" data-id=\"6fe54ef\" data-element_type=\"widget\" data-widget_type=\"image.default\">\n\t\t\t\t<div class=\"elementor-widget-container\">\n\t\t\t\t\t\t\t\t\t\t\t\t\t<img fetchpriority=\"high\" decoding=\"async\" width=\"750\" height=\"750\" src=\"https:\/\/www.lit.de\/wp-content\/uploads\/2020\/08\/Logistikpark-GVZ-Bremen_Grafik_750-x-750-px-2.jpg\" class=\"attachment-full size-full wp-image-9782\" alt=\"\" srcset=\"https:\/\/www.lit.de\/wp-content\/uploads\/2020\/08\/Logistikpark-GVZ-Bremen_Grafik_750-x-750-px-2.jpg 750w, https:\/\/www.lit.de\/wp-content\/uploads\/2020\/08\/Logistikpark-GVZ-Bremen_Grafik_750-x-750-px-2-500x500.jpg 500w, https:\/\/www.lit.de\/wp-content\/uploads\/2020\/08\/Logistikpark-GVZ-Bremen_Grafik_750-x-750-px-2-150x150.jpg 150w\" sizes=\"(max-width: 750px) 100vw, 750px\" \/>\t\t\t\t\t\t\t\t\t\t\t\t\t<\/div>\n\t\t\t\t<\/div>\n\t\t\t\t\t<\/div>\n\t\t<\/div>\n\t\t\t\t<div class=\"elementor-column elementor-col-66 elementor-top-column elementor-element elementor-element-39eba4e\" data-id=\"39eba4e\" data-element_type=\"column\">\n\t\t\t<div class=\"elementor-widget-wrap elementor-element-populated\">\n\t\t\t\t\t\t<div class=\"elementor-element elementor-element-b060bad elementor-widget elementor-widget-text-editor\" data-id=\"b060bad\" data-element_type=\"widget\" data-widget_type=\"text-editor.default\">\n\t\t\t\t<div class=\"elementor-widget-container\">\n\t\t\t\t\t\t\t<p>Dzi\u0119ki rozwi\u0105zaniu automatyzacji jeste\u015bmy optymalnie przygotowani na przysz\u0142o\u015b\u0107 &#8211; szczeg\u00f3lnie dla klient\u00f3w z sektora e-commerce. Wynika to z faktu, \u017ce obiekt przechowuje niewielki asortyment produkt\u00f3w na bardzo ma\u0142ej przestrzeni. Roboty dzia\u0142aj\u0105 na powierzchni systemu i automatycznie uzyskuj\u0105 dost\u0119p do towar\u00f3w po otrzymaniu zam\u00f3wienia. Nast\u0119pnie zabieraj\u0105 produkty do stacji kompletacji. W tym momencie nasi pracownicy przejmuj\u0105 kontrol\u0119, wyjmuj\u0105 przedmioty z pojemnik\u00f3w i pakuj\u0105 je. Wszystkie istotne dane s\u0105 automatycznie przesy\u0142ane do naszego s<a href=\"https:\/\/www.lit.de\/pl\/uslugi-it\/\">ystemu zarz\u0105dzania magazynem<\/a>. Umo\u017cliwia nam to dostarczanie naszym klientom informacji o aktualnym statusie zam\u00f3wienia w dowolnym momencie. Dodatkowy plus: mo\u017cemy r\u00f3wnie\u017c skalowa\u0107 pojemno\u015b\u0107 systemu AutoStore podczas pracy. &#8222;Jeste\u015bmy teraz przygotowani na przysz\u0142y rozw\u00f3j&#8221;, m\u00f3wi Rico von Hollen, asystent dyrektora handlowego L.I.T. Lager &amp; Logistik GmbH.<\/p>\n<p>Pozosta\u0142e dwie sekcje hali s\u0105 ju\u017c wyposa\u017cone w magazyny wysokiego sk\u0142adowania z 25 000 miejscami magazynowymi i blokami magazynowymi. &#8222;Po\u0142\u0105czenie r\u00f3\u017cnych typ\u00f3w magazyn\u00f3w pozwala nam szybko i elastycznie reagowa\u0107 na indywidualne wymagania klient\u00f3w&#8221; &#8211; m\u00f3wi von Hollen, wyja\u015bniaj\u0105c powody wyposa\u017cenia naszego nowego centrum logistycznego. Opr\u00f3cz naszych klient\u00f3w z bran\u017cy e-commerce, obecnie pracujemy tam r\u00f3wnie\u017c dla bran\u017cy d\u00f3br konsumpcyjnych i rozrywki. &#8222;Ale ostatecznie magazyn mo\u017ce by\u0107 wykorzystywany w ka\u017cdej bran\u017cy&#8221;, m\u00f3wi von Hollen. Nie ograniczamy jednak naszego portfolio us\u0142ug w nowym budynku wy\u0142\u0105cznie do magazynowania. Kompleksowe us\u0142ugi o warto\u015bci dodanej, takie jak kompletacja, pakowanie, budowa ekspozycji, kontrola jako\u015bci i wyka\u0144czanie produkt\u00f3w s\u0105 r\u00f3wnie\u017c cz\u0119\u015bci\u0105 naszego repertuaru w centrum logistycznym.<\/p>\n\t\t\t\t\t\t<\/div>\n\t\t\t\t<\/div>\n\t\t\t\t\t<\/div>\n\t\t<\/div>\n\t\t\t\t\t<\/div>\n\t\t<\/section>\n\t\t\t\t<section class=\"elementor-section elementor-top-section elementor-element elementor-element-d7f72a2 elementor-hidden-tablet elementor-hidden-phone elementor-section-boxed elementor-section-height-default elementor-section-height-default\" data-id=\"d7f72a2\" data-element_type=\"section\">\n\t\t\t\t\t\t<div class=\"elementor-container elementor-column-gap-default\">\n\t\t\t\t\t<div class=\"elementor-column elementor-col-66 elementor-top-column elementor-element elementor-element-5c5b12b\" data-id=\"5c5b12b\" data-element_type=\"column\">\n\t\t\t<div class=\"elementor-widget-wrap elementor-element-populated\">\n\t\t\t\t\t\t<div class=\"elementor-element elementor-element-a56c14f elementor-widget elementor-widget-text-editor\" data-id=\"a56c14f\" data-element_type=\"widget\" data-widget_type=\"text-editor.default\">\n\t\t\t\t<div class=\"elementor-widget-container\">\n\t\t\t\t\t\t\t<p>Na przyk\u0142ad, zbudowali\u015bmy drugie pi\u0119tro specjalnie do budowy wy\u015bwietlaczy, tak aby by\u0142o wystarczaj\u0105co du\u017co miejsca na ich budow\u0119, a regularne operacje w magazynie nie by\u0142y zak\u0142\u00f3cane. Zarz\u0105dzanie zwrotami mo\u017ce by\u0107 r\u00f3wnie\u017c obs\u0142ugiwane tutaj. Potrzebujemy do tego wykwalifikowanego personelu. Tym bardziej cieszymy si\u0119, \u017ce mo\u017cemy powita\u0107 wielu nowych pracownik\u00f3w z sektora handlowego i przemys\u0142owego. Zapewniaj\u0105, \u017ce ka\u017cdy z naszych klient\u00f3w otrzymuje dok\u0142adnie takie us\u0142ugi, jakich potrzebuje i \u017ce s\u0105 one po\u017c\u0105danej jako\u015bci. Osi\u0105gn\u0119li\u015bmy jeszcze wi\u0119ksz\u0105 elastyczno\u015b\u0107 w LLC IV, wyposa\u017caj\u0105c ka\u017cdy z trzech obszar\u00f3w we w\u0142asne rampy do za\u0142adunku i roz\u0142adunku. Oznacza to, \u017ce towary mog\u0105 by\u0107 dostarczane lub odbierane z dowolnej cz\u0119\u015bci magazynu, eliminuj\u0105c d\u0142ugie i uci\u0105\u017cliwe trasy transportowe z magazynu do rampy.<\/p>\n\t\t\t\t\t\t<\/div>\n\t\t\t\t<\/div>\n\t\t\t\t<div class=\"elementor-element elementor-element-d5d57bf elementor-widget__width-initial elementor-widget elementor-widget-heading\" data-id=\"d5d57bf\" data-element_type=\"widget\" data-widget_type=\"heading.default\">\n\t\t\t\t<div class=\"elementor-widget-container\">\n\t\t\t<h2 class=\"elementor-heading-title elementor-size-default\">mo\u017cemy r\u00f3wnie\u017c skalowa\u0107 <br>pojemno\u015b\u0107 systemu <br>AutoStore podczas pracy. Jeste\u015bmy teraz <br>przygotowani na przysz\u0142y rozw\u00f3j\u00ab<\/h2>\t\t<\/div>\n\t\t\t\t<\/div>\n\t\t\t\t<div class=\"elementor-element elementor-element-3abd808 elementor-widget__width-initial elementor-widget elementor-widget-heading\" data-id=\"3abd808\" data-element_type=\"widget\" data-widget_type=\"heading.default\">\n\t\t\t\t<div class=\"elementor-widget-container\">\n\t\t\t<h6 class=\"elementor-heading-title elementor-size-default\">Rico von Hollen,<br>Asystent kierownictwa handlowego L.I.T. Lager &amp; Logistik GmbH<\/h6>\t\t<\/div>\n\t\t\t\t<\/div>\n\t\t\t\t<div class=\"elementor-element elementor-element-40824ba elementor-widget elementor-widget-text-editor\" data-id=\"40824ba\" data-element_type=\"widget\" data-widget_type=\"text-editor.default\">\n\t\t\t\t<div class=\"elementor-widget-container\">\n\t\t\t\t\t\t\t<p>Kolejn\u0105 wa\u017cn\u0105 zalet\u0105 naszego nowego centrum logistycznego jest jego lokalizacja w Bremen Freight Village (GVZ). Wed\u0142ug niemieckiego stowarzyszenia GVZ, jest to wci\u0105\u017c najpopularniejszy produkt tego typu w Niemczech i zajmuje drugie miejsce w Europie. Nie tylko imponuje dogodn\u0105 lokalizacj\u0105, ale tak\u017ce znajduje si\u0119 w bezpo\u015brednim s\u0105siedztwie port\u00f3w morskich w pasie p\u00f3\u0142nocnym. &#8222;Hala idealnie nadaje si\u0119 r\u00f3wnie\u017c do transportu intermodalnego dzi\u0119ki optymalnym po\u0142\u0105czeniom&#8221;, m\u00f3wi von Hollen. &#8222;We wsp\u00f3\u0142pracy z naszym oddzia\u0142em <a href=\"https:\/\/www.lit.de\/pl\/logistyka-transportu\/#luftfracht\">Air &amp; Sea<\/a> mo\u017cemy wi\u0119c zaoferowa\u0107 naszym klientom r\u00f3\u017cne opcje transportu&#8221;. \u0141\u0105cznie z nowym budynkiem, mamy teraz cztery centra logistyczne w centrum transportu towarowego w Bremie i kolejn\u0105 hal\u0119 w obszarze przemys\u0142owym Bremy. Daje nam to \u0142\u0105cznie ponad 120 000 metr\u00f3w kwadratowych powierzchni magazynowej.<\/p>\n\t\t\t\t\t\t<\/div>\n\t\t\t\t<\/div>\n\t\t\t\t\t<\/div>\n\t\t<\/div>\n\t\t\t\t<div class=\"elementor-column elementor-col-33 elementor-top-column elementor-element elementor-element-2e8bc91\" data-id=\"2e8bc91\" data-element_type=\"column\">\n\t\t\t<div class=\"elementor-widget-wrap elementor-element-populated\">\n\t\t\t\t\t\t<div class=\"elementor-element elementor-element-2693df1 elementor-widget elementor-widget-image\" data-id=\"2693df1\" data-element_type=\"widget\" data-widget_type=\"image.default\">\n\t\t\t\t<div class=\"elementor-widget-container\">\n\t\t\t\t\t\t\t\t\t\t\t\t\t<img decoding=\"async\" width=\"750\" height=\"750\" src=\"https:\/\/www.lit.de\/wp-content\/uploads\/2020\/08\/Autostore-front_750-x-750-px.jpg\" class=\"attachment-full size-full wp-image-9117\" alt=\"\" srcset=\"https:\/\/www.lit.de\/wp-content\/uploads\/2020\/08\/Autostore-front_750-x-750-px.jpg 750w, https:\/\/www.lit.de\/wp-content\/uploads\/2020\/08\/Autostore-front_750-x-750-px-300x300.jpg 300w, https:\/\/www.lit.de\/wp-content\/uploads\/2020\/08\/Autostore-front_750-x-750-px-100x100.jpg 100w, https:\/\/www.lit.de\/wp-content\/uploads\/2020\/08\/Autostore-front_750-x-750-px-600x600.jpg 600w\" sizes=\"(max-width: 750px) 100vw, 750px\" \/>\t\t\t\t\t\t\t\t\t\t\t\t\t<\/div>\n\t\t\t\t<\/div>\n\t\t\t\t<div class=\"elementor-element elementor-element-8a11f55 elementor-widget elementor-widget-image\" data-id=\"8a11f55\" data-element_type=\"widget\" data-widget_type=\"image.default\">\n\t\t\t\t<div class=\"elementor-widget-container\">\n\t\t\t\t\t\t\t\t\t\t\t\t\t<img decoding=\"async\" width=\"750\" height=\"750\" src=\"https:\/\/www.lit.de\/wp-content\/uploads\/2020\/03\/AutoStore.jpg\" class=\"attachment-full size-full wp-image-11421\" alt=\"\" srcset=\"https:\/\/www.lit.de\/wp-content\/uploads\/2020\/03\/AutoStore.jpg 750w, https:\/\/www.lit.de\/wp-content\/uploads\/2020\/03\/AutoStore-300x300.jpg 300w, https:\/\/www.lit.de\/wp-content\/uploads\/2020\/03\/AutoStore-100x100.jpg 100w, https:\/\/www.lit.de\/wp-content\/uploads\/2020\/03\/AutoStore-600x600.jpg 600w\" sizes=\"(max-width: 750px) 100vw, 750px\" \/>\t\t\t\t\t\t\t\t\t\t\t\t\t<\/div>\n\t\t\t\t<\/div>\n\t\t\t\t\t<\/div>\n\t\t<\/div>\n\t\t\t\t\t<\/div>\n\t\t<\/section>\n\t\t\t\t<section class=\"elementor-section elementor-top-section elementor-element elementor-element-a7a2951 elementor-hidden-desktop elementor-section-boxed elementor-section-height-default elementor-section-height-default\" data-id=\"a7a2951\" data-element_type=\"section\">\n\t\t\t\t\t\t<div class=\"elementor-container elementor-column-gap-default\">\n\t\t\t\t\t<div class=\"elementor-column elementor-col-50 elementor-top-column elementor-element elementor-element-2dbf173\" data-id=\"2dbf173\" data-element_type=\"column\">\n\t\t\t<div class=\"elementor-widget-wrap elementor-element-populated\">\n\t\t\t\t\t\t<div class=\"elementor-element elementor-element-173c2e8 elementor-widget elementor-widget-image\" data-id=\"173c2e8\" data-element_type=\"widget\" data-widget_type=\"image.default\">\n\t\t\t\t<div class=\"elementor-widget-container\">\n\t\t\t\t\t\t\t\t\t\t\t\t\t<img fetchpriority=\"high\" decoding=\"async\" width=\"750\" height=\"750\" src=\"https:\/\/www.lit.de\/wp-content\/uploads\/2020\/08\/Logistikpark-GVZ-Bremen_Grafik_750-x-750-px-2.jpg\" class=\"attachment-full size-full wp-image-9782\" alt=\"\" srcset=\"https:\/\/www.lit.de\/wp-content\/uploads\/2020\/08\/Logistikpark-GVZ-Bremen_Grafik_750-x-750-px-2.jpg 750w, https:\/\/www.lit.de\/wp-content\/uploads\/2020\/08\/Logistikpark-GVZ-Bremen_Grafik_750-x-750-px-2-500x500.jpg 500w, https:\/\/www.lit.de\/wp-content\/uploads\/2020\/08\/Logistikpark-GVZ-Bremen_Grafik_750-x-750-px-2-150x150.jpg 150w\" sizes=\"(max-width: 750px) 100vw, 750px\" \/>\t\t\t\t\t\t\t\t\t\t\t\t\t<\/div>\n\t\t\t\t<\/div>\n\t\t\t\t\t<\/div>\n\t\t<\/div>\n\t\t\t\t<div class=\"elementor-column elementor-col-50 elementor-top-column elementor-element elementor-element-3e0eaf6\" data-id=\"3e0eaf6\" data-element_type=\"column\">\n\t\t\t<div class=\"elementor-widget-wrap elementor-element-populated\">\n\t\t\t\t\t\t<div class=\"elementor-element elementor-element-67d9fae elementor-widget elementor-widget-text-editor\" data-id=\"67d9fae\" data-element_type=\"widget\" data-widget_type=\"text-editor.default\">\n\t\t\t\t<div class=\"elementor-widget-container\">\n\t\t\t\t\t\t\t<p>Dzi\u0119ki rozwi\u0105zaniu automatyzacji jeste\u015bmy optymalnie przygotowani na przysz\u0142o\u015b\u0107 &#8211; szczeg\u00f3lnie dla klient\u00f3w z sektora e-commerce. Wynika to z faktu, \u017ce obiekt przechowuje niewielki asortyment produkt\u00f3w na bardzo ma\u0142ej przestrzeni. Roboty dzia\u0142aj\u0105 na powierzchni systemu i automatycznie uzyskuj\u0105 dost\u0119p do towar\u00f3w po otrzymaniu zam\u00f3wienia. Nast\u0119pnie zabieraj\u0105 produkty do stacji kompletacji. W tym momencie nasi pracownicy przejmuj\u0105 kontrol\u0119, wyjmuj\u0105 przedmioty z pojemnik\u00f3w i pakuj\u0105 je. Wszystkie istotne dane s\u0105 automatycznie przesy\u0142ane do naszego s<a href=\"https:\/\/www.lit.de\/pl\/uslugi-it\/\">ystemu zarz\u0105dzania magazynem<\/a>. Umo\u017cliwia nam to dostarczanie naszym klientom informacji o aktualnym statusie zam\u00f3wienia w dowolnym momencie. Dodatkowy plus: mo\u017cemy r\u00f3wnie\u017c skalowa\u0107 pojemno\u015b\u0107 systemu AutoStore podczas pracy. &#8222;Jeste\u015bmy teraz przygotowani na przysz\u0142y rozw\u00f3j&#8221;, m\u00f3wi Rico von Hollen, asystent dyrektora handlowego L.I.T. Lager &amp; Logistik GmbH.<\/p>\n\t\t\t\t\t\t<\/div>\n\t\t\t\t<\/div>\n\t\t\t\t\t<\/div>\n\t\t<\/div>\n\t\t\t\t\t<\/div>\n\t\t<\/section>\n\t\t\t\t<section class=\"elementor-section elementor-top-section elementor-element elementor-element-fef7211 elementor-hidden-desktop elementor-section-boxed elementor-section-height-default elementor-section-height-default\" data-id=\"fef7211\" data-element_type=\"section\">\n\t\t\t\t\t\t<div class=\"elementor-container elementor-column-gap-default\">\n\t\t\t\t\t<div class=\"elementor-column elementor-col-100 elementor-top-column elementor-element elementor-element-43f4961\" data-id=\"43f4961\" data-element_type=\"column\">\n\t\t\t<div class=\"elementor-widget-wrap elementor-element-populated\">\n\t\t\t\t\t\t<div class=\"elementor-element elementor-element-575b078 elementor-widget elementor-widget-text-editor\" data-id=\"575b078\" data-element_type=\"widget\" data-widget_type=\"text-editor.default\">\n\t\t\t\t<div class=\"elementor-widget-container\">\n\t\t\t\t\t\t\t<p>Pozosta\u0142e dwie sekcje hali s\u0105 ju\u017c wyposa\u017cone w magazyny wysokiego sk\u0142adowania z 25 000 miejscami magazynowymi i blokami magazynowymi. &#8222;Po\u0142\u0105czenie r\u00f3\u017cnych typ\u00f3w magazyn\u00f3w pozwala nam szybko i elastycznie reagowa\u0107 na indywidualne wymagania klient\u00f3w&#8221; &#8211; m\u00f3wi von Hollen, wyja\u015bniaj\u0105c powody wyposa\u017cenia naszego nowego centrum logistycznego. Opr\u00f3cz naszych klient\u00f3w z bran\u017cy e-commerce, obecnie pracujemy tam r\u00f3wnie\u017c dla bran\u017cy d\u00f3br konsumpcyjnych i rozrywki. &#8222;Ale ostatecznie magazyn mo\u017ce by\u0107 wykorzystywany w ka\u017cdej bran\u017cy&#8221;, m\u00f3wi von Hollen. Nie ograniczamy jednak naszego portfolio us\u0142ug w nowym budynku wy\u0142\u0105cznie do magazynowania. Kompleksowe us\u0142ugi o warto\u015bci dodanej, takie jak kompletacja, pakowanie, budowa ekspozycji, kontrola jako\u015bci i wyka\u0144czanie produkt\u00f3w s\u0105 r\u00f3wnie\u017c cz\u0119\u015bci\u0105 naszego repertuaru w centrum logistycznym. Na przyk\u0142ad, zbudowali\u015bmy drugie pi\u0119tro specjalnie do budowy wy\u015bwietlaczy, tak aby by\u0142o wystarczaj\u0105co du\u017co miejsca na ich budow\u0119, a regularne operacje w magazynie nie by\u0142y zak\u0142\u00f3cane. Zarz\u0105dzanie zwrotami mo\u017ce by\u0107 r\u00f3wnie\u017c obs\u0142ugiwane tutaj.<\/p>\n\t\t\t\t\t\t<\/div>\n\t\t\t\t<\/div>\n\t\t\t\t<div class=\"elementor-element elementor-element-9d9e129 elementor-widget__width-initial elementor-widget-mobile__width-inherit elementor-widget elementor-widget-heading\" data-id=\"9d9e129\" data-element_type=\"widget\" data-widget_type=\"heading.default\">\n\t\t\t\t<div class=\"elementor-widget-container\">\n\t\t\t<h2 class=\"elementor-heading-title elementor-size-default\">\"Mo\u017cemy skalowa\u0107 pojemno\u015b\u0107 systemu AutoStore w dowolnym momencie, nawet podczas pracy. Oznacza to, \u017ce jeste\u015bmy dobrze przygotowani na przysz\u0142y wzrost\".<\/h2>\t\t<\/div>\n\t\t\t\t<\/div>\n\t\t\t\t<div class=\"elementor-element elementor-element-44a7a2d elementor-widget__width-initial elementor-widget-mobile__width-inherit elementor-widget elementor-widget-heading\" data-id=\"44a7a2d\" data-element_type=\"widget\" data-widget_type=\"heading.default\">\n\t\t\t\t<div class=\"elementor-widget-container\">\n\t\t\t<h6 class=\"elementor-heading-title elementor-size-default\">Rico von Hollen,<br>Asystent kierownictwa handlowego L.I.T. Lager &amp; Logistik GmbH<\/h6>\t\t<\/div>\n\t\t\t\t<\/div>\n\t\t\t\t\t<\/div>\n\t\t<\/div>\n\t\t\t\t\t<\/div>\n\t\t<\/section>\n\t\t\t\t<section class=\"elementor-section elementor-top-section elementor-element elementor-element-7f1554a elementor-hidden-desktop elementor-section-boxed elementor-section-height-default elementor-section-height-default\" data-id=\"7f1554a\" data-element_type=\"section\">\n\t\t\t\t\t\t<div class=\"elementor-container elementor-column-gap-default\">\n\t\t\t\t\t<div class=\"elementor-column elementor-col-50 elementor-top-column elementor-element elementor-element-5089966\" data-id=\"5089966\" data-element_type=\"column\">\n\t\t\t<div class=\"elementor-widget-wrap elementor-element-populated\">\n\t\t\t\t\t\t<div class=\"elementor-element elementor-element-907abf7 elementor-hidden-desktop elementor-hidden-tablet elementor-widget elementor-widget-image\" data-id=\"907abf7\" data-element_type=\"widget\" data-widget_type=\"image.default\">\n\t\t\t\t<div class=\"elementor-widget-container\">\n\t\t\t\t\t\t\t\t\t\t\t\t\t<img decoding=\"async\" width=\"750\" height=\"750\" src=\"https:\/\/www.lit.de\/wp-content\/uploads\/2020\/03\/AutoStore.jpg\" class=\"attachment-full size-full wp-image-11421\" alt=\"\" srcset=\"https:\/\/www.lit.de\/wp-content\/uploads\/2020\/03\/AutoStore.jpg 750w, https:\/\/www.lit.de\/wp-content\/uploads\/2020\/03\/AutoStore-300x300.jpg 300w, https:\/\/www.lit.de\/wp-content\/uploads\/2020\/03\/AutoStore-100x100.jpg 100w, https:\/\/www.lit.de\/wp-content\/uploads\/2020\/03\/AutoStore-600x600.jpg 600w\" sizes=\"(max-width: 750px) 100vw, 750px\" \/>\t\t\t\t\t\t\t\t\t\t\t\t\t<\/div>\n\t\t\t\t<\/div>\n\t\t\t\t<div class=\"elementor-element elementor-element-bc85d2b elementor-widget elementor-widget-text-editor\" data-id=\"bc85d2b\" data-element_type=\"widget\" data-widget_type=\"text-editor.default\">\n\t\t\t\t<div class=\"elementor-widget-container\">\n\t\t\t\t\t\t\t<p>Potrzebujemy do tego wykwalifikowanego personelu. Tym bardziej cieszymy si\u0119, \u017ce mo\u017cemy powita\u0107 wielu nowych pracownik\u00f3w z sektora handlowego i przemys\u0142owego. Zapewniaj\u0105, \u017ce ka\u017cdy z naszych klient\u00f3w otrzymuje dok\u0142adnie takie us\u0142ugi, jakich potrzebuje i \u017ce s\u0105 one po\u017c\u0105danej jako\u015bci. Osi\u0105gn\u0119li\u015bmy jeszcze wi\u0119ksz\u0105 elastyczno\u015b\u0107 w LLC IV, wyposa\u017caj\u0105c ka\u017cdy z trzech obszar\u00f3w we w\u0142asne rampy do za\u0142adunku i roz\u0142adunku. Oznacza to, \u017ce towary mog\u0105 by\u0107 dostarczane lub odbierane z dowolnej cz\u0119\u015bci magazynu, eliminuj\u0105c d\u0142ugie i uci\u0105\u017cliwe trasy transportowe z magazynu do rampy.<\/p>\n\t\t\t\t\t\t<\/div>\n\t\t\t\t<\/div>\n\t\t\t\t<div class=\"elementor-element elementor-element-782c855 elementor-widget elementor-widget-text-editor\" data-id=\"782c855\" data-element_type=\"widget\" data-widget_type=\"text-editor.default\">\n\t\t\t\t<div class=\"elementor-widget-container\">\n\t\t\t\t\t\t\t<p>Kolejn\u0105 wa\u017cn\u0105 zalet\u0105 naszego nowego centrum logistycznego jest jego lokalizacja w Bremen Freight Village (GVZ). Wed\u0142ug niemieckiego stowarzyszenia GVZ, jest to wci\u0105\u017c najpopularniejszy produkt tego typu w Niemczech i zajmuje drugie miejsce w Europie. Nie tylko imponuje dogodn\u0105 lokalizacj\u0105, ale tak\u017ce znajduje si\u0119 w bezpo\u015brednim s\u0105siedztwie port\u00f3w morskich w pasie p\u00f3\u0142nocnym. &#8222;Hala idealnie nadaje si\u0119 r\u00f3wnie\u017c do transportu intermodalnego dzi\u0119ki optymalnym po\u0142\u0105czeniom&#8221;, m\u00f3wi von Hollen. &#8222;We wsp\u00f3\u0142pracy z naszym oddzia\u0142em <a href=\"https:\/\/www.lit.de\/pl\/logistyka-transportu\/#luftfracht\">Air &amp; Sea<\/a> mo\u017cemy wi\u0119c zaoferowa\u0107 naszym klientom r\u00f3\u017cne opcje transportu&#8221;. \u0141\u0105cznie z nowym budynkiem, mamy teraz cztery centra logistyczne w centrum transportu towarowego w Bremie i kolejn\u0105 hal\u0119 w obszarze przemys\u0142owym Bremy. Daje nam to \u0142\u0105cznie ponad 120 000 metr\u00f3w kwadratowych powierzchni magazynowej.<\/p>\n\t\t\t\t\t\t<\/div>\n\t\t\t\t<\/div>\n\t\t\t\t<div class=\"elementor-element elementor-element-39500fd elementor-widget elementor-widget-text-editor\" data-id=\"39500fd\" data-element_type=\"widget\" data-widget_type=\"text-editor.default\">\n\t\t\t\t<div class=\"elementor-widget-container\">\n\t\t\t\t\t\t\t\t\t\t\t\t\t<\/div>\n\t\t\t\t<\/div>\n\t\t\t\t\t<\/div>\n\t\t<\/div>\n\t\t\t\t<div class=\"elementor-column elementor-col-50 elementor-top-column elementor-element elementor-element-815bdb8\" data-id=\"815bdb8\" data-element_type=\"column\">\n\t\t\t<div class=\"elementor-widget-wrap elementor-element-populated\">\n\t\t\t\t\t\t<div class=\"elementor-element elementor-element-62cc01a elementor-widget elementor-widget-image\" data-id=\"62cc01a\" data-element_type=\"widget\" data-widget_type=\"image.default\">\n\t\t\t\t<div class=\"elementor-widget-container\">\n\t\t\t\t\t\t\t\t\t\t\t\t\t<img decoding=\"async\" width=\"750\" height=\"750\" src=\"https:\/\/www.lit.de\/wp-content\/uploads\/2020\/08\/Autostore-front_750-x-750-px.jpg\" class=\"attachment-full size-full wp-image-9117\" alt=\"\" srcset=\"https:\/\/www.lit.de\/wp-content\/uploads\/2020\/08\/Autostore-front_750-x-750-px.jpg 750w, https:\/\/www.lit.de\/wp-content\/uploads\/2020\/08\/Autostore-front_750-x-750-px-300x300.jpg 300w, https:\/\/www.lit.de\/wp-content\/uploads\/2020\/08\/Autostore-front_750-x-750-px-100x100.jpg 100w, https:\/\/www.lit.de\/wp-content\/uploads\/2020\/08\/Autostore-front_750-x-750-px-600x600.jpg 600w\" sizes=\"(max-width: 750px) 100vw, 750px\" \/>\t\t\t\t\t\t\t\t\t\t\t\t\t<\/div>\n\t\t\t\t<\/div>\n\t\t\t\t<div class=\"elementor-element elementor-element-20f34e5 elementor-hidden-desktop elementor-hidden-phone elementor-widget elementor-widget-image\" data-id=\"20f34e5\" data-element_type=\"widget\" data-widget_type=\"image.default\">\n\t\t\t\t<div class=\"elementor-widget-container\">\n\t\t\t\t\t\t\t\t\t\t\t\t\t<img decoding=\"async\" width=\"750\" height=\"750\" src=\"https:\/\/www.lit.de\/wp-content\/uploads\/2020\/03\/AutoStore.jpg\" class=\"attachment-full size-full wp-image-11421\" alt=\"\" srcset=\"https:\/\/www.lit.de\/wp-content\/uploads\/2020\/03\/AutoStore.jpg 750w, https:\/\/www.lit.de\/wp-content\/uploads\/2020\/03\/AutoStore-300x300.jpg 300w, https:\/\/www.lit.de\/wp-content\/uploads\/2020\/03\/AutoStore-100x100.jpg 100w, https:\/\/www.lit.de\/wp-content\/uploads\/2020\/03\/AutoStore-600x600.jpg 600w\" sizes=\"(max-width: 750px) 100vw, 750px\" \/>\t\t\t\t\t\t\t\t\t\t\t\t\t<\/div>\n\t\t\t\t<\/div>\n\t\t\t\t\t<\/div>\n\t\t<\/div>\n\t\t\t\t\t<\/div>\n\t\t<\/section>\n\t\t\t\t<\/div>\n\t\t","protected":false},"excerpt":{"rendered":"<h3>\nL.I.T. LOGISTICS CENTRE LLC IV JEST W EKSPLOATACJI<br \/>\n<\/h3>\n<p>Jak m\u00f3wi przys\u0142owie, dobre rzeczy chodz\u0105 tr\u00f3jkami. A raczej cztery, pomy\u015bleli\u015bmy i uruchomili\u015bmy nasze czwarte centrum logistyczne w Bremen Freight Village. I to po zaledwie sze\u015bciu miesi\u0105cach planowania i budowy. Obecnie wykorzystujemy hal\u0119 o powierzchni 25 000 metr\u00f3w kwadratowych na potrzeby logistyki kontraktowej i szeroko zakrojonych us\u0142ug o warto\u015bci dodanej. Jednocze\u015bnie&#8230;<\/p>\n","protected":false},"author":16,"featured_media":4270,"comment_status":"closed","ping_status":"closed","sticky":false,"template":"","format":"standard","meta":{"fifu_image_url":"","fifu_image_alt":"","footnotes":""},"categories":[469],"tags":[1166,1152,1167,1155,1160,1004,1153,1156,1150,978,1151,1159,1162,1154,971,1149,1164,1161,1157,1165,1163,910,1158],"class_list":["post-31761","post","type-post","status-publish","format-standard","has-post-thumbnail","hentry","category-reportaz","tag-automatisierte-entladungstechnik-pl","tag-automatisierung-pl","tag-autonomous-guided-vehicles-pl","tag-autostore-pl","tag-blocklagerflaechen-pl","tag-bremen-pl","tag-digitalisierung-pl","tag-e-commerce-pl","tag-gueterverkehrszentrum-pl","tag-gvz-pl","tag-halle-pl","tag-hochregallager-pl","tag-industriegebiet-pl","tag-kleinteilelager-pl","tag-kontraktlogistik-pl","tag-logistikzentrum-pl","tag-multi-user-center-pl","tag-nordrange-pl","tag-roboter-pl","tag-rollbahntechnik-pl","tag-state-of-the-art-pl","tag-value-added-services-pl","tag-warehouse-management-pl"],"jetpack_featured_media_url":"https:\/\/www.lit.de\/wp-content\/uploads\/2020\/03\/LLC4_3_700-X-700.jpg","_links":{"self":[{"href":"https:\/\/www.lit.de\/pl\/wp-json\/wp\/v2\/posts\/31761","targetHints":{"allow":["GET"]}}],"collection":[{"href":"https:\/\/www.lit.de\/pl\/wp-json\/wp\/v2\/posts"}],"about":[{"href":"https:\/\/www.lit.de\/pl\/wp-json\/wp\/v2\/types\/post"}],"author":[{"embeddable":true,"href":"https:\/\/www.lit.de\/pl\/wp-json\/wp\/v2\/users\/16"}],"replies":[{"embeddable":true,"href":"https:\/\/www.lit.de\/pl\/wp-json\/wp\/v2\/comments?post=31761"}],"version-history":[{"count":1,"href":"https:\/\/www.lit.de\/pl\/wp-json\/wp\/v2\/posts\/31761\/revisions"}],"predecessor-version":[{"id":31762,"href":"https:\/\/www.lit.de\/pl\/wp-json\/wp\/v2\/posts\/31761\/revisions\/31762"}],"wp:featuredmedia":[{"embeddable":true,"href":"https:\/\/www.lit.de\/pl\/wp-json\/wp\/v2\/media\/4270"}],"wp:attachment":[{"href":"https:\/\/www.lit.de\/pl\/wp-json\/wp\/v2\/media?parent=31761"}],"wp:term":[{"taxonomy":"category","embeddable":true,"href":"https:\/\/www.lit.de\/pl\/wp-json\/wp\/v2\/categories?post=31761"},{"taxonomy":"post_tag","embeddable":true,"href":"https:\/\/www.lit.de\/pl\/wp-json\/wp\/v2\/tags?post=31761"}],"curies":[{"name":"wp","href":"https:\/\/api.w.org\/{rel}","templated":true}]}}