{"id":31652,"date":"2023-01-23T13:36:04","date_gmt":"2023-01-23T12:36:04","guid":{"rendered":"https:\/\/www.lit.de\/2023\/01\/23\/za-kulisami-naszego-zakladu-w-gvz-bremen\/"},"modified":"2024-01-02T13:36:23","modified_gmt":"2024-01-02T12:36:23","slug":"za-kulisami-naszego-zakladu-w-gvz-bremen","status":"publish","type":"post","link":"https:\/\/www.lit.de\/pl\/2023\/01\/23\/za-kulisami-naszego-zakladu-w-gvz-bremen\/","title":{"rendered":"Za kulisami naszego zak\u0142adu w GVZ Bremen"},"content":{"rendered":"\t\t<div data-elementor-type=\"wp-post\" data-elementor-id=\"31652\" class=\"elementor elementor-31652 elementor-30100\" data-elementor-post-type=\"post\">\n\t\t\t\t\t\t<section class=\"elementor-section elementor-top-section elementor-element elementor-element-b5e533c elementor-section-boxed elementor-section-height-default elementor-section-height-default\" data-id=\"b5e533c\" data-element_type=\"section\" data-settings=\"{&quot;background_background&quot;:&quot;classic&quot;}\">\n\t\t\t\t\t\t<div class=\"elementor-container elementor-column-gap-default\">\n\t\t\t\t\t<div class=\"elementor-column elementor-col-50 elementor-top-column elementor-element elementor-element-4cab411\" data-id=\"4cab411\" data-element_type=\"column\" data-settings=\"{&quot;background_background&quot;:&quot;classic&quot;}\">\n\t\t\t<div class=\"elementor-widget-wrap\">\n\t\t\t\t\t\t\t<\/div>\n\t\t<\/div>\n\t\t\t\t<div class=\"elementor-column elementor-col-50 elementor-top-column elementor-element elementor-element-eda1155 elementor-hidden-tablet elementor-hidden-phone\" data-id=\"eda1155\" data-element_type=\"column\">\n\t\t\t<div class=\"elementor-widget-wrap\">\n\t\t\t\t\t\t\t<\/div>\n\t\t<\/div>\n\t\t\t\t\t<\/div>\n\t\t<\/section>\n\t\t\t\t<section class=\"elementor-section elementor-top-section elementor-element elementor-element-4b36be6 elementor-section-boxed elementor-section-height-default elementor-section-height-default\" data-id=\"4b36be6\" data-element_type=\"section\">\n\t\t\t\t\t\t<div class=\"elementor-container elementor-column-gap-default\">\n\t\t\t\t\t<div class=\"elementor-column elementor-col-100 elementor-top-column elementor-element elementor-element-4bdc608\" data-id=\"4bdc608\" data-element_type=\"column\" data-settings=\"{&quot;background_background&quot;:&quot;classic&quot;}\">\n\t\t\t<div class=\"elementor-widget-wrap elementor-element-populated\">\n\t\t\t\t\t\t<div class=\"elementor-element elementor-element-95da38a elementor-widget elementor-widget-heading\" data-id=\"95da38a\" data-element_type=\"widget\" data-widget_type=\"heading.default\">\n\t\t\t\t<div class=\"elementor-widget-container\">\n\t\t\t<h1 class=\"elementor-heading-title elementor-size-default\">Za kulisami naszego zak\u0142adu w GVZ Bremen<\/h1>\t\t<\/div>\n\t\t\t\t<\/div>\n\t\t\t\t\t<\/div>\n\t\t<\/div>\n\t\t\t\t\t<\/div>\n\t\t<\/section>\n\t\t\t\t<section class=\"elementor-section elementor-top-section elementor-element elementor-element-41855e1 elementor-section-boxed elementor-section-height-default elementor-section-height-default\" data-id=\"41855e1\" data-element_type=\"section\">\n\t\t\t\t\t\t<div class=\"elementor-container elementor-column-gap-default\">\n\t\t\t\t\t<div class=\"elementor-column elementor-col-100 elementor-top-column elementor-element elementor-element-b7ba276\" data-id=\"b7ba276\" data-element_type=\"column\" data-settings=\"{&quot;background_background&quot;:&quot;classic&quot;}\">\n\t\t\t<div class=\"elementor-widget-wrap elementor-element-populated\">\n\t\t\t\t\t\t<div class=\"elementor-element elementor-element-339f3df elementor-widget-divider--view-line elementor-widget elementor-widget-divider\" data-id=\"339f3df\" data-element_type=\"widget\" data-widget_type=\"divider.default\">\n\t\t\t\t<div class=\"elementor-widget-container\">\n\t\t\t\t\t<div class=\"elementor-divider\">\n\t\t\t<span class=\"elementor-divider-separator\">\n\t\t\t\t\t\t<\/span>\n\t\t<\/div>\n\t\t\t\t<\/div>\n\t\t\t\t<\/div>\n\t\t\t\t\t<\/div>\n\t\t<\/div>\n\t\t\t\t\t<\/div>\n\t\t<\/section>\n\t\t\t\t<section class=\"elementor-section elementor-top-section elementor-element elementor-element-3df3f4bb elementor-section-boxed elementor-section-height-default elementor-section-height-default\" data-id=\"3df3f4bb\" data-element_type=\"section\">\n\t\t\t\t\t\t<div class=\"elementor-container elementor-column-gap-default\">\n\t\t\t\t\t<div class=\"elementor-column elementor-col-100 elementor-top-column elementor-element elementor-element-1a557096\" data-id=\"1a557096\" data-element_type=\"column\" data-settings=\"{&quot;background_background&quot;:&quot;classic&quot;}\">\n\t\t\t<div class=\"elementor-widget-wrap elementor-element-populated\">\n\t\t\t\t\t\t<div class=\"elementor-element elementor-element-4bb4b16a elementor-widget elementor-widget-text-editor\" data-id=\"4bb4b16a\" data-element_type=\"widget\" data-widget_type=\"text-editor.default\">\n\t\t\t\t<div class=\"elementor-widget-container\">\n\t\t\t\t\t\t\t<p>L.I.T. Lager und Logistik GmbH dostarcza rozwi\u0105zania dostosowane do potrzeb klient\u00f3w na ponad 200 000 metr\u00f3w kwadratowych w Bremie i okolicach<\/p>\n\t\t\t\t\t\t<\/div>\n\t\t\t\t<\/div>\n\t\t\t\t\t<\/div>\n\t\t<\/div>\n\t\t\t\t\t<\/div>\n\t\t<\/section>\n\t\t\t\t<section class=\"elementor-section elementor-top-section elementor-element elementor-element-3e7ed88e elementor-section-boxed elementor-section-height-default elementor-section-height-default\" data-id=\"3e7ed88e\" data-element_type=\"section\">\n\t\t\t\t\t\t<div class=\"elementor-container elementor-column-gap-default\">\n\t\t\t\t\t<div class=\"elementor-column elementor-col-100 elementor-top-column elementor-element elementor-element-5ba52455\" data-id=\"5ba52455\" data-element_type=\"column\" data-settings=\"{&quot;background_background&quot;:&quot;classic&quot;}\">\n\t\t\t<div class=\"elementor-widget-wrap elementor-element-populated\">\n\t\t\t\t\t\t<div class=\"elementor-element elementor-element-b3c6fd1 elementor-widget elementor-widget-video\" data-id=\"b3c6fd1\" data-element_type=\"widget\" data-settings=\"{&quot;video_type&quot;:&quot;hosted&quot;,&quot;controls&quot;:&quot;yes&quot;}\" data-widget_type=\"video.default\">\n\t\t\t\t<div class=\"elementor-widget-container\">\n\t\t\t\t\t<div class=\"e-hosted-video elementor-wrapper elementor-open-inline\">\n\t\t\t\t\t<video class=\"elementor-video\" src=\"https:\/\/www.lit.de\/wp-content\/uploads\/2023\/01\/LIT_Trailer_2_0.mp4\" controls=\"\" preload=\"metadata\" controlsList=\"nodownload\"><\/video>\n\t\t\t\t<\/div>\n\t\t\t\t<\/div>\n\t\t\t\t<\/div>\n\t\t\t\t<div class=\"elementor-element elementor-element-0be5e2f elementor-widget elementor-widget-text-editor\" data-id=\"0be5e2f\" data-element_type=\"widget\" data-widget_type=\"text-editor.default\">\n\t\t\t\t<div class=\"elementor-widget-container\">\n\t\t\t\t\t\t\t<p>Nasze sze\u015b\u0107 magazyn\u00f3w w Bremen Freight Village (GVZ) imponuj\u0105co wznosi si\u0119 w niebo. W bezpo\u015brednim s\u0105siedztwie autostrad A1 i A28 oraz Neust\u00e4dter Hafen, nasza firma L.I.T. Lager und Logistik GmbH oferuje naszym klientom liczne us\u0142ugi o warto\u015bci dodanej na powierzchni oko\u0142o 160 000 metr\u00f3w kwadratowych.<\/p>\n<p>\n            <strong>AutoStore jako g\u0142\u00f3wna atrakcja<\/strong>\n          <\/p>\n<p>Oko\u0142o 50 pracownik\u00f3w komercyjnych i 350 pracownik\u00f3w przemys\u0142owych pracuje obecnie w naszym zak\u0142adzie w wiosce towarowej w Bremie, zajmuj\u0105c si\u0119 magazynowaniem, kompletacj\u0105 zam\u00f3wie\u0144, pakowaniem, etykietowaniem, towarami przychodz\u0105cymi i wychodz\u0105cymi, wysy\u0142k\u0105 za po\u015brednictwem spedytora i paczek, a tak\u017ce wieloma innymi us\u0142ugami.<br \/>Centralnym punktem naszej witryny jest bez w\u0105tpienia AutoStore o pojemno\u015bci brutto ponad 44 000 kontener\u00f3w. Dzi\u0119ki zautomatyzowanemu systemowi magazynowania ka\u017cda cz\u0119\u015b\u0107 znajduje w\u0142a\u015bciwe miejsce w najkr\u00f3tszym mo\u017cliwym czasie. Nasze cyfrowe i innowacyjne procesy zapewniaj\u0105 niezawodn\u0105 obs\u0142ug\u0119 towar\u00f3w.<\/p>\n<p>Stale rozbudowujemy nasz\u0105 witryn\u0119, aby nadal w pe\u0142ni spe\u0142nia\u0107 wymagania naszych klient\u00f3w. Jeden z dw\u00f3ch budowanych obecnie magazyn\u00f3w zostanie uko\u0144czony w pierwszym kwartale 2024 roku. Zwi\u0119kszy to powierzchni\u0119 logistyczn\u0105 o 20 000 metr\u00f3w kwadratowych. Drugi nowy budynek powstaje poza GVZ w p\u00f3\u0142nocnej cz\u0119\u015bci dzielnicy Diepholz i r\u00f3wnie\u017c zajmuje powierzchni\u0119 20 000 metr\u00f3w kwadratowych.<\/p>\n<p>Aby uzyska\u0107 kr\u00f3tki wgl\u0105d w to, jak to wygl\u0105da za kulisami, kazali\u015bmy dronowi wystartowa\u0107 i przelecie\u0107 przez nasz zak\u0142ad. Rezultatem jest zabawny film z ekscytuj\u0105cymi obrazami i kilkoma szybkimi manewrami lotniczymi. Mi\u0142ej zabawy!<\/p>\n\t\t\t\t\t\t<\/div>\n\t\t\t\t<\/div>\n\t\t\t\t<div class=\"elementor-element elementor-element-2c1e67a5 elementor-hidden-tablet elementor-hidden-phone elementor-widget elementor-widget-spacer\" data-id=\"2c1e67a5\" data-element_type=\"widget\" data-widget_type=\"spacer.default\">\n\t\t\t\t<div class=\"elementor-widget-container\">\n\t\t\t\t\t<div class=\"elementor-spacer\">\n\t\t\t<div class=\"elementor-spacer-inner\"><\/div>\n\t\t<\/div>\n\t\t\t\t<\/div>\n\t\t\t\t<\/div>\n\t\t\t\t\t<\/div>\n\t\t<\/div>\n\t\t\t\t\t<\/div>\n\t\t<\/section>\n\t\t\t\t<\/div>\n\t\t","protected":false},"excerpt":{"rendered":"<p>Nasze sze\u015b\u0107 magazyn\u00f3w w Bremen Freight Village (GVZ) imponuj\u0105co wznosi si\u0119 w niebo. W bezpo\u015brednim s\u0105siedztwie autostrad A1 i A28 oraz Neust\u00e4dter Hafen, nasza firma L.I.T. Lager und Logistik GmbH oferuje naszym klientom liczne us\u0142ugi o warto\u015bci dodanej na powierzchni oko\u0142o 160 000 metr\u00f3w kwadratowych. <\/p>\n","protected":false},"author":18,"featured_media":30114,"comment_status":"closed","ping_status":"closed","sticky":false,"template":"","format":"standard","meta":{"fifu_image_url":"","fifu_image_alt":"","footnotes":""},"categories":[865],"tags":[913,862,912,906,910],"class_list":["post-31652","post","type-post","status-publish","format-standard","has-post-thumbnail","hentry","category-presse","tag-gvz-bremen-pl","tag-l-i-t-ag-pl","tag-lager-und-logistik-pl","tag-lagerlogistik-pl","tag-value-added-services-pl"],"jetpack_featured_media_url":"https:\/\/www.lit.de\/wp-content\/uploads\/2023\/01\/23-01-20-LIT-Lager-und-Logistik.jpg","_links":{"self":[{"href":"https:\/\/www.lit.de\/pl\/wp-json\/wp\/v2\/posts\/31652","targetHints":{"allow":["GET"]}}],"collection":[{"href":"https:\/\/www.lit.de\/pl\/wp-json\/wp\/v2\/posts"}],"about":[{"href":"https:\/\/www.lit.de\/pl\/wp-json\/wp\/v2\/types\/post"}],"author":[{"embeddable":true,"href":"https:\/\/www.lit.de\/pl\/wp-json\/wp\/v2\/users\/18"}],"replies":[{"embeddable":true,"href":"https:\/\/www.lit.de\/pl\/wp-json\/wp\/v2\/comments?post=31652"}],"version-history":[{"count":1,"href":"https:\/\/www.lit.de\/pl\/wp-json\/wp\/v2\/posts\/31652\/revisions"}],"predecessor-version":[{"id":31653,"href":"https:\/\/www.lit.de\/pl\/wp-json\/wp\/v2\/posts\/31652\/revisions\/31653"}],"wp:featuredmedia":[{"embeddable":true,"href":"https:\/\/www.lit.de\/pl\/wp-json\/wp\/v2\/media\/30114"}],"wp:attachment":[{"href":"https:\/\/www.lit.de\/pl\/wp-json\/wp\/v2\/media?parent=31652"}],"wp:term":[{"taxonomy":"category","embeddable":true,"href":"https:\/\/www.lit.de\/pl\/wp-json\/wp\/v2\/categories?post=31652"},{"taxonomy":"post_tag","embeddable":true,"href":"https:\/\/www.lit.de\/pl\/wp-json\/wp\/v2\/tags?post=31652"}],"curies":[{"name":"wp","href":"https:\/\/api.w.org\/{rel}","templated":true}]}}