{"id":101126,"date":"2025-08-11T10:16:13","date_gmt":"2025-08-11T08:16:13","guid":{"rendered":"https:\/\/www.lit.de\/2025\/08\/11\/neues-ausbildungsjahr-37-junge-talente-verstaerken-die-l-i-t-gruppe\/"},"modified":"2025-08-12T14:37:04","modified_gmt":"2025-08-12T12:37:04","slug":"neues-ausbildungsjahr-37-junge-talente-verstaerken-die-l-i-t-gruppe","status":"publish","type":"post","link":"https:\/\/www.lit.de\/pl\/2025\/08\/11\/neues-ausbildungsjahr-37-junge-talente-verstaerken-die-l-i-t-gruppe\/","title":{"rendered":"NOWY ROK SZKOLENIOWY: 37 M\u0141ODYCH TALENT\u00d3W WZMACNIA GRUP\u0118 L.I.T."},"content":{"rendered":"\t\t<div data-elementor-type=\"wp-post\" data-elementor-id=\"101126\" class=\"elementor elementor-101126 elementor-100164\" data-elementor-post-type=\"post\">\n\t\t\t\t\t\t<section class=\"elementor-section elementor-top-section elementor-element elementor-element-4b36be6 elementor-section-boxed elementor-section-height-default elementor-section-height-default\" data-id=\"4b36be6\" data-element_type=\"section\" data-settings=\"{&quot;background_background&quot;:&quot;classic&quot;}\">\n\t\t\t\t\t\t<div class=\"elementor-container elementor-column-gap-default\">\n\t\t\t\t\t<div class=\"elementor-column elementor-col-100 elementor-top-column elementor-element elementor-element-4bdc608\" data-id=\"4bdc608\" data-element_type=\"column\" data-settings=\"{&quot;background_background&quot;:&quot;classic&quot;}\">\n\t\t\t<div class=\"elementor-widget-wrap elementor-element-populated\">\n\t\t\t\t\t\t<div class=\"elementor-element elementor-element-95da38a elementor-widget elementor-widget-heading\" data-id=\"95da38a\" data-element_type=\"widget\" data-widget_type=\"heading.default\">\n\t\t\t\t<div class=\"elementor-widget-container\">\n\t\t\t<h1 class=\"elementor-heading-title elementor-size-default\">NOWY ROK SZKOLENIOWY<\/h1>\t\t<\/div>\n\t\t\t\t<\/div>\n\t\t\t\t<div class=\"elementor-element elementor-element-bc77dfe elementor-widget elementor-widget-heading\" data-id=\"bc77dfe\" data-element_type=\"widget\" data-widget_type=\"heading.default\">\n\t\t\t\t<div class=\"elementor-widget-container\">\n\t\t\t<h2 class=\"elementor-heading-title elementor-size-default\">37 M\u0141ODYCH TALENT\u00d3W WSPIERA GRUP\u0118 L.I.T.<\/h2>\t\t<\/div>\n\t\t\t\t<\/div>\n\t\t\t\t\t<\/div>\n\t\t<\/div>\n\t\t\t\t\t<\/div>\n\t\t<\/section>\n\t\t\t\t<section class=\"elementor-section elementor-top-section elementor-element elementor-element-62f6f04 elementor-section-boxed elementor-section-height-default elementor-section-height-default\" data-id=\"62f6f04\" data-element_type=\"section\" data-settings=\"{&quot;background_background&quot;:&quot;classic&quot;}\">\n\t\t\t\t\t\t<div class=\"elementor-container elementor-column-gap-default\">\n\t\t\t\t\t<div class=\"elementor-column elementor-col-100 elementor-top-column elementor-element elementor-element-6cfabb6\" data-id=\"6cfabb6\" data-element_type=\"column\" data-settings=\"{&quot;background_background&quot;:&quot;classic&quot;}\">\n\t\t\t<div class=\"elementor-widget-wrap elementor-element-populated\">\n\t\t\t\t\t\t<div class=\"elementor-element elementor-element-3ac61a5 elementor-widget-divider--view-line elementor-widget elementor-widget-divider\" data-id=\"3ac61a5\" data-element_type=\"widget\" data-widget_type=\"divider.default\">\n\t\t\t\t<div class=\"elementor-widget-container\">\n\t\t\t\t\t<div class=\"elementor-divider\">\n\t\t\t<span class=\"elementor-divider-separator\">\n\t\t\t\t\t\t<\/span>\n\t\t<\/div>\n\t\t\t\t<\/div>\n\t\t\t\t<\/div>\n\t\t\t\t<div class=\"elementor-element elementor-element-ec9a4e1 elementor-widget__width-inherit elementor-widget elementor-widget-image\" data-id=\"ec9a4e1\" data-element_type=\"widget\" data-widget_type=\"image.default\">\n\t\t\t\t<div class=\"elementor-widget-container\">\n\t\t\t\t\t\t\t\t\t\t\t\t\t<img fetchpriority=\"high\" decoding=\"async\" width=\"2264\" height=\"1508\" src=\"https:\/\/www.lit.de\/wp-content\/uploads\/2025\/08\/DSC_1600-1.jpg\" class=\"attachment-full size-full wp-image-100167\" alt=\"\" srcset=\"https:\/\/www.lit.de\/wp-content\/uploads\/2025\/08\/DSC_1600-1.jpg 2264w, https:\/\/www.lit.de\/wp-content\/uploads\/2025\/08\/DSC_1600-1-500x333.jpg 500w, https:\/\/www.lit.de\/wp-content\/uploads\/2025\/08\/DSC_1600-1-1024x682.jpg 1024w, https:\/\/www.lit.de\/wp-content\/uploads\/2025\/08\/DSC_1600-1-768x512.jpg 768w, https:\/\/www.lit.de\/wp-content\/uploads\/2025\/08\/DSC_1600-1-1536x1023.jpg 1536w, https:\/\/www.lit.de\/wp-content\/uploads\/2025\/08\/DSC_1600-1-2048x1364.jpg 2048w\" sizes=\"(max-width: 2264px) 100vw, 2264px\" \/>\t\t\t\t\t\t\t\t\t\t\t\t\t<\/div>\n\t\t\t\t<\/div>\n\t\t\t\t<div class=\"elementor-element elementor-element-15aa61c elementor-widget elementor-widget-text-editor\" data-id=\"15aa61c\" data-element_type=\"widget\" data-widget_type=\"text-editor.default\">\n\t\t\t\t<div class=\"elementor-widget-container\">\n\t\t\t\t\t\t\t<p>Grupa L.I.T. wita 37 nowych pracownik\u00f3w poprzez wsp\u00f3lny dzie\u0144 w siedzibie g\u0142\u00f3wnej w Brake (Unterweser).<\/p>\n\t\t\t\t\t\t<\/div>\n\t\t\t\t<\/div>\n\t\t\t\t\t<\/div>\n\t\t<\/div>\n\t\t\t\t\t<\/div>\n\t\t<\/section>\n\t\t\t\t<section class=\"elementor-section elementor-top-section elementor-element elementor-element-3df3f4bb elementor-section-boxed elementor-section-height-default elementor-section-height-default\" data-id=\"3df3f4bb\" data-element_type=\"section\" data-settings=\"{&quot;background_background&quot;:&quot;classic&quot;}\">\n\t\t\t\t\t\t<div class=\"elementor-container elementor-column-gap-default\">\n\t\t\t\t\t<div class=\"elementor-column elementor-col-100 elementor-top-column elementor-element elementor-element-1a557096\" data-id=\"1a557096\" data-element_type=\"column\" data-settings=\"{&quot;background_background&quot;:&quot;classic&quot;}\">\n\t\t\t<div class=\"elementor-widget-wrap elementor-element-populated\">\n\t\t\t\t\t\t<div class=\"elementor-element elementor-element-2940504 elementor-widget-divider--view-line elementor-widget elementor-widget-divider\" data-id=\"2940504\" data-element_type=\"widget\" data-widget_type=\"divider.default\">\n\t\t\t\t<div class=\"elementor-widget-container\">\n\t\t\t\t\t<div class=\"elementor-divider\">\n\t\t\t<span class=\"elementor-divider-separator\">\n\t\t\t\t\t\t<\/span>\n\t\t<\/div>\n\t\t\t\t<\/div>\n\t\t\t\t<\/div>\n\t\t\t\t<div class=\"elementor-element elementor-element-4bb4b16a elementor-widget elementor-widget-text-editor\" data-id=\"4bb4b16a\" data-element_type=\"widget\" data-widget_type=\"text-editor.default\">\n\t\t\t\t<div class=\"elementor-widget-container\">\n\t\t\t\t\t\t\tBrake (Unterweser)<br><br>W poniedzia\u0142ek zarz\u0105d grupy L.I.T. powita\u0142 37 nowych pracownik\u00f3w na pierwszym dniu ich szkolenia. 21 przysz\u0142ych handlowc\u00f3w w dziedzinie spedycji i us\u0142ug logistycznych, siedmiu specjalist\u00f3w ds. logistyki magazynowej, trzech zawodowych kierowc\u00f3w, dw\u00f3ch handlowc\u00f3w ds. zarz\u0105dzania biurem, jeden handlowiec ds. us\u0142ug personalnych, jeden informatyk ds. rozwoju aplikacji, jeden ds. rozwoju system\u00f3w oraz jeden student studi\u00f3w dualnych na kierunku \u00bbEkonomia przedsi\u0119biorstw w praktyce\u00ab rozpoczynaj\u0105 swoj\u0105 karier\u0119 zawodow\u0105 u specjalisty ds. logistyki. Wszyscy nowi pracownicy przechodz\u0105 najpierw dwudniowe szkolenie wprowadzaj\u0105ce w siedzibie firmy w Brake, a nast\u0119pnie rozpoczynaj\u0105 praktyczn\u0105 nauk\u0119 w jednej z 26 niemieckich plac\u00f3wek szkoleniowych L.I.T.\t\t\t\t\t\t<\/div>\n\t\t\t\t<\/div>\n\t\t\t\t<div class=\"elementor-element elementor-element-d13a1e6 elementor-widget elementor-widget-text-editor\" data-id=\"d13a1e6\" data-element_type=\"widget\" data-widget_type=\"text-editor.default\">\n\t\t\t\t<div class=\"elementor-widget-container\">\n\t\t\t\t\t\t\t<p>\u00bbMimo \u017ce og\u00f3lny spadek liczby os\u00f3b podejmuj\u0105cych nauk\u0119 stanowi wyzwanie dla wielu przedsi\u0119biorstw, ponownie uda\u0142o nam si\u0119 obsadzi\u0107 wszystkie miejsca szkoleniowe. I to kandydatami, kt\u00f3rzy przekonali nas swoimi doskona\u0142ymi wynikami\u00ab \u2013 m\u00f3wi Melanie Kalla, specjalistka ds. kadr w dziale szkole\u0144 w grupie L.I.T.<\/p>\n\t\t\t\t\t\t<\/div>\n\t\t\t\t<\/div>\n\t\t\t\t<div class=\"elementor-element elementor-element-4ad9846 elementor-widget elementor-widget-text-editor\" data-id=\"4ad9846\" data-element_type=\"widget\" data-widget_type=\"text-editor.default\">\n\t\t\t\t<div class=\"elementor-widget-container\">\n\t\t\t\t\t\t\t\t\t\t\t\t\t<\/div>\n\t\t\t\t<\/div>\n\t\t\t\t\t<\/div>\n\t\t<\/div>\n\t\t\t\t\t<\/div>\n\t\t<\/section>\n\t\t\t\t<section class=\"elementor-section elementor-top-section elementor-element elementor-element-3e7ed88e elementor-section-boxed elementor-section-height-default elementor-section-height-default\" data-id=\"3e7ed88e\" data-element_type=\"section\" data-settings=\"{&quot;background_background&quot;:&quot;classic&quot;}\">\n\t\t\t\t\t\t<div class=\"elementor-container elementor-column-gap-default\">\n\t\t\t\t\t<div class=\"elementor-column elementor-col-100 elementor-top-column elementor-element elementor-element-5ba52455\" data-id=\"5ba52455\" data-element_type=\"column\" data-settings=\"{&quot;background_background&quot;:&quot;classic&quot;}\">\n\t\t\t<div class=\"elementor-widget-wrap elementor-element-populated\">\n\t\t\t\t\t\t<div class=\"elementor-element elementor-element-0be5e2f elementor-widget elementor-widget-text-editor\" data-id=\"0be5e2f\" data-element_type=\"widget\" data-widget_type=\"text-editor.default\">\n\t\t\t\t<div class=\"elementor-widget-container\">\n\t\t\t\t\t\t\t<p>Dodaje: \u00bbTo pokazuje, \u017ce jako firma szkoleniowa nadal jeste\u015bmy atrakcyjni i zapewniamy sta\u0142\u0105 wysok\u0105 jako\u015b\u0107 szkole\u0144. Szczeg\u00f3lnie cieszy nas fakt, \u017ce w tym roku dw\u00f3ch naszych absolwent\u00f3w zda\u0142o egzamin z ocen\u0105 \u00bbbardzo dobr\u0105.\u00ab Specjalistka ds. zarz\u0105dzania biurem i specjalista ds. spedycji i us\u0142ug logistycznych nale\u017c\u0105 tym samym do nielicznych os\u00f3b, kt\u00f3re otrzyma\u0142y wyr\u00f3\u017cnienie od Izby Przemys\u0142owo-Handlowej w Oldenburgu. To pi\u0119kny dow\u00f3d na to, co jest u nas mo\u017cliwe\u00ab. Dzisiaj w grupie L.I.T. 36 praktykant\u00f3w i jeden student studi\u00f3w dualnych rozpocz\u0119\u0142o swoj\u0105 karier\u0119 zawodow\u0105. Dzi\u0119ki temu liczba m\u0142odych pracownik\u00f3w pozostaje na stabilnym poziomie. Obecnie oko\u0142o 137 m\u0142odych talent\u00f3w odbywa praktyk\u0119 w tej firmie logistycznej.<\/p>\n\t\t\t\t\t\t<\/div>\n\t\t\t\t<\/div>\n\t\t\t\t<div class=\"elementor-element elementor-element-51a511b elementor-widget elementor-widget-text-editor\" data-id=\"51a511b\" data-element_type=\"widget\" data-widget_type=\"text-editor.default\">\n\t\t\t\t<div class=\"elementor-widget-container\">\n\t\t\t\t\t\t\tDWUDNIOWY PROGRAM WPROWADZAJ\u0104CY<br>Nowi sta\u017cy\u015bci rozpoczynaj\u0105 swoj\u0105 przygod\u0119 od dw\u00f3ch wsp\u00f3lnych dni w siedzibie g\u0142\u00f3wnej w Brake. Cz\u0142onkowie zarz\u0105du Fokke Fels, Simeon Breuer, Julian Lachnitt i Ingo Schreiber powitali nowicjuszy wraz z zespo\u0142em szkoleniowym i zapoznali ich ze struktur\u0105 organizacyjn\u0105 oraz systemami obowi\u0105zuj\u0105cymi w firmie.<br><br>Pierwszy dzie\u0144, tzw. \u00bbWelcome Day\u00ab, zosta\u0142 zorganizowany przez sta\u017cyst\u00f3w trzeciego roku, kt\u00f3rzy pomogli nowym pracownikom zapozna\u0107 si\u0119 ze sob\u0105, grup\u0105 przedsi\u0119biorstw i r\u00f3\u017cnymi dzia\u0142ami. Program obejmowa\u0142 mi\u0119dzy innymi zwiedzanie ci\u0119\u017car\u00f3wki L.I.T.-Azubi-Truck, gry integracyjne oraz wsp\u00f3lny lunch. Koncepcja ta wspiera nowych praktykant\u00f3w w ekscytuj\u0105cym rozpocz\u0119ciu \u017cycia zawodowego i zosta\u0142a wyr\u00f3\u017cniona w 2024 roku przez Nordwest Mediengruppe w ramach nagrody za innowacyjne szkolenia (PIA): zaj\u0119\u0142a trzecie miejsce.<br><br>Drugiego dnia nowi pracownicy przechodz\u0105 wa\u017cne szkolenia podstawowe, w tym szkolenia z zakresu obs\u0142ugi komputera i telefonu oraz wprowadzenie do zarz\u0105dzania jako\u015bci\u0105.\t\t\t\t\t\t<\/div>\n\t\t\t\t<\/div>\n\t\t\t\t<div class=\"elementor-element elementor-element-119808c elementor-widget elementor-widget-text-editor\" data-id=\"119808c\" data-element_type=\"widget\" data-widget_type=\"text-editor.default\">\n\t\t\t\t<div class=\"elementor-widget-container\">\n\t\t\t\t\t\t\t<p>ROZPOCZ\u0118CIE W 26 LOKALIZACJACH Z INDYWIDUALNYM OPIEK\u0104<br \/>Po dniach wprowadzaj\u0105cych nowi sta\u017cy\u015bci rozpoczynaj\u0105 szkolenie w 26 lokalizacjach przedsi\u0119biorstwa logistycznego. S\u0105 oni wspierani przez sprawdzony program mentorski. Nele Grenzebach, specjalistka ds. kadr w dziale szkole\u0144, wyja\u015bnia: \u00bbWszyscy pocz\u0105tkuj\u0105cy pracownicy otrzymuj\u0105 jeszcze przed rozpocz\u0119ciem szkolenia osobistego opiekuna z drugiego roku nauki, kt\u00f3ry towarzyszy im przez pierwsze dwa miesi\u0105ce w procesie adaptacji. Dzi\u0119ki temu sta\u017cy\u015bci znacznie szybciej odnajduj\u0105 si\u0119 w firmie.\u00ab<\/p>\n<p>L.I.T. przyjmuje zg\u0142oszenia r\u00f3wnie\u017c po rozpocz\u0119ciu szkolenia. Obecnie dost\u0119pne s\u0105 miejsca szkoleniowe dla handlowc\u00f3w w zakresie spedycji i us\u0142ug logistycznych w Norden, Polch i Stavenhagen.<\/p>\n<p>Wi\u0119cej informacji na temat szkolenia: www.ausbildung.lit.de.<\/p>\n\t\t\t\t\t\t<\/div>\n\t\t\t\t<\/div>\n\t\t\t\t<div class=\"elementor-element elementor-element-c92fdee elementor-widget elementor-widget-text-editor\" data-id=\"c92fdee\" data-element_type=\"widget\" data-widget_type=\"text-editor.default\">\n\t\t\t\t<div class=\"elementor-widget-container\">\n\t\t\t\t\t\t\t\t\t\t\t\t\t<\/div>\n\t\t\t\t<\/div>\n\t\t\t\t\t<\/div>\n\t\t<\/div>\n\t\t\t\t\t<\/div>\n\t\t<\/section>\n\t\t\t\t<\/div>\n\t\t","protected":false},"excerpt":{"rendered":"<p>W poniedzia\u0142ek zarz\u0105d grupy L.I.T. powita\u0142 37 nowych pracownik\u00f3w na pierwszym dniu ich szkolenia. Wszyscy nowi pracownicy przechodz\u0105 najpierw dwudniowe szkolenie wprowadzaj\u0105ce w siedzibie firmy w Brake, a nast\u0119pnie rozpoczynaj\u0105 praktyczn\u0105 nauk\u0119 w jednej z 26 niemieckich plac\u00f3wek szkoleniowych L.I.T.<\/p>\n","protected":false},"author":22,"featured_media":100175,"comment_status":"closed","ping_status":"closed","sticky":false,"template":"","format":"standard","meta":{"fifu_image_url":"","fifu_image_alt":"","footnotes":""},"categories":[865],"tags":[985,986,470,860,903,987,1133,1300],"class_list":["post-101126","post","type-post","status-publish","format-standard","has-post-thumbnail","hentry","category-presse","tag-auszubildende-pl","tag-azubis-pl","tag-ksztalcenie","tag-l-i-t-pl","tag-mlode-talenty","tag-nachwuchs-pl","tag-nachwuchsfoerderung-pl","tag-talente-pl"],"jetpack_featured_media_url":"https:\/\/www.lit.de\/wp-content\/uploads\/2025\/08\/DSC_1600-1_scaled.jpg","_links":{"self":[{"href":"https:\/\/www.lit.de\/pl\/wp-json\/wp\/v2\/posts\/101126","targetHints":{"allow":["GET"]}}],"collection":[{"href":"https:\/\/www.lit.de\/pl\/wp-json\/wp\/v2\/posts"}],"about":[{"href":"https:\/\/www.lit.de\/pl\/wp-json\/wp\/v2\/types\/post"}],"author":[{"embeddable":true,"href":"https:\/\/www.lit.de\/pl\/wp-json\/wp\/v2\/users\/22"}],"replies":[{"embeddable":true,"href":"https:\/\/www.lit.de\/pl\/wp-json\/wp\/v2\/comments?post=101126"}],"version-history":[{"count":1,"href":"https:\/\/www.lit.de\/pl\/wp-json\/wp\/v2\/posts\/101126\/revisions"}],"predecessor-version":[{"id":101127,"href":"https:\/\/www.lit.de\/pl\/wp-json\/wp\/v2\/posts\/101126\/revisions\/101127"}],"wp:featuredmedia":[{"embeddable":true,"href":"https:\/\/www.lit.de\/pl\/wp-json\/wp\/v2\/media\/100175"}],"wp:attachment":[{"href":"https:\/\/www.lit.de\/pl\/wp-json\/wp\/v2\/media?parent=101126"}],"wp:term":[{"taxonomy":"category","embeddable":true,"href":"https:\/\/www.lit.de\/pl\/wp-json\/wp\/v2\/categories?post=101126"},{"taxonomy":"post_tag","embeddable":true,"href":"https:\/\/www.lit.de\/pl\/wp-json\/wp\/v2\/tags?post=101126"}],"curies":[{"name":"wp","href":"https:\/\/api.w.org\/{rel}","templated":true}]}}